
{"id":95471,"date":"2020-04-30T20:43:11","date_gmt":"2020-04-30T19:43:11","guid":{"rendered":"https:\/\/ufmsecretariat.org\/\/?p=95471"},"modified":"2020-04-29T18:47:45","modified_gmt":"2020-04-29T17:47:45","slug":"debates-on-the-mediterranean","status":"publish","type":"post","link":"https:\/\/ufmsecretariat.org\/ar\/debates-on-the-mediterranean\/","title":{"rendered":"Debates on the Mediterranean from Fundaci\u00f3n 3 Culturas: session online on sustainable development, water, environment and energy"},"content":{"rendered":"<p><img loading=\"lazy\" decoding=\"async\" class=\"alignleft\" src=\"http:\/\/tresculturas.org\/tresculturas\/wp-content\/uploads\/2019\/10\/25a%C3%B1osBarcelona.jpg\" width=\"281\" height=\"273\" \/><\/p>\n<p><strong>30 April 2020, 19h<\/strong>. Isidro Gonz\u00e1lez, Deputy General Secretary of the Union for the Mediterranean in charge of Water, Environment and Blue Economy will be talking to Francisco Jos\u00e9 Guti\u00e9rrez Rodr\u00edguez, from the General Secretariat of the Environment, Water and Climate Change at the Junta de Andaluc\u00eda regional government in the fifth (and final) session of the cycle,\u00a0 \u2018Debates on the Mediterranean: session on sustainable development, water, environment and energy\u2019 from the Fundaci\u00f3n 3 Culturas.<\/p>\n<p>The debates, financed by Secretary of State for Foreign Affairs and Cooperation of the Government of Spain, are part of the different activities carrying out by that Secretary of State to study, analyze and implement the priorities of the Spanish Foreign Affairs Policy.<\/p>\n<p><strong>Registration<\/strong>:\u00a0<a href=\"https:\/\/register.gotowebinar.com\/register\/8808830171381794574\">https:\/\/register.gotowebinar.com\/register\/8808830171381794574<\/a><\/p>\n<p><strong>More information<\/strong>: <a href=\"http:\/\/tresculturas.org\/en\/activity\/debates-on-the-mediterranean-session-on-sustainable-development-water-environment-and-energy\/\" target=\"_blank\" rel=\"noopener\">http:\/\/tresculturas.org\/en\/activity\/debates-on-the-mediterranean-session-on-sustainable-development-water-environment-and-energy\/<\/a><\/p>\n<p>&nbsp;<\/p>\n","protected":false},"excerpt":{"rendered":"<p>30 April 2020, 19h. Isidro Gonz\u00e1lez, Deputy General Secretary of the Union for the Mediterranean in charge of Water, Environment and Blue Economy will be talking to Francisco Jos\u00e9 Guti\u00e9rrez Rodr\u00edguez, from the General Secretariat of the Environment, Water and Climate Change at the Junta de Andaluc\u00eda regional government in the fifth (and final) session<br \/><a href=\"https:\/\/ufmsecretariat.org\/ar\/debates-on-the-mediterranean\/\" class=\"more\">\u0625\u0642\u0631\u0623 \u0627\u0644\u0645\u0632\u064a\u062f<\/a><\/p>\n","protected":false},"author":3,"featured_media":0,"comment_status":"open","ping_status":"open","sticky":false,"template":"","format":"standard","meta":{"footnotes":""},"categories":[163],"tags":[],"priority-area":[202],"class_list":["post-95471","post","type-post","status-publish","format-standard","hentry","category-163","priority-area-water-environment-ar"],"_links":{"self":[{"href":"https:\/\/ufmsecretariat.org\/ar\/wp-json\/wp\/v2\/posts\/95471","targetHints":{"allow":["GET"]}}],"collection":[{"href":"https:\/\/ufmsecretariat.org\/ar\/wp-json\/wp\/v2\/posts"}],"about":[{"href":"https:\/\/ufmsecretariat.org\/ar\/wp-json\/wp\/v2\/types\/post"}],"author":[{"embeddable":true,"href":"https:\/\/ufmsecretariat.org\/ar\/wp-json\/wp\/v2\/users\/3"}],"replies":[{"embeddable":true,"href":"https:\/\/ufmsecretariat.org\/ar\/wp-json\/wp\/v2\/comments?post=95471"}],"version-history":[{"count":3,"href":"https:\/\/ufmsecretariat.org\/ar\/wp-json\/wp\/v2\/posts\/95471\/revisions"}],"predecessor-version":[{"id":95481,"href":"https:\/\/ufmsecretariat.org\/ar\/wp-json\/wp\/v2\/posts\/95471\/revisions\/95481"}],"wp:attachment":[{"href":"https:\/\/ufmsecretariat.org\/ar\/wp-json\/wp\/v2\/media?parent=95471"}],"wp:term":[{"taxonomy":"category","embeddable":true,"href":"https:\/\/ufmsecretariat.org\/ar\/wp-json\/wp\/v2\/categories?post=95471"},{"taxonomy":"post_tag","embeddable":true,"href":"https:\/\/ufmsecretariat.org\/ar\/wp-json\/wp\/v2\/tags?post=95471"},{"taxonomy":"priority-area","embeddable":true,"href":"https:\/\/ufmsecretariat.org\/ar\/wp-json\/wp\/v2\/priority-area?post=95471"}],"curies":[{"name":"wp","href":"https:\/\/api.w.org\/{rel}","templated":true}]}}