
{"id":11067,"date":"2014-06-06T00:42:28","date_gmt":"2014-06-05T22:42:28","guid":{"rendered":"https:\/\/ufmsecretariat.org\/?p=11067"},"modified":"2014-06-07T00:49:26","modified_gmt":"2014-06-06T22:49:26","slug":"le-president-de-la-republique-tunisienne-a-recu-le-secretaire-general-de-lupm","status":"publish","type":"post","link":"https:\/\/ufmsecretariat.org\/fr\/le-president-de-la-republique-tunisienne-a-recu-le-secretaire-general-de-lupm\/","title":{"rendered":"Le Pr\u00e9sident de la R\u00e9publique tunisienne a re\u00e7u le Secr\u00e9taire G\u00e9n\u00e9ral de l&#8217;UpM"},"content":{"rendered":"<p><strong>Tunis, le 6 Juin 2014.<\/strong> Le Pr\u00e9sident de la R\u00e9publique tunisienne Moncef Marzouki a re\u00e7u aujourd&#8217;hui au palais de Carthage le Secr\u00e9taire G\u00e9n\u00e9ral de l&#8217;UpM Fathallah Sijilmassi.<\/p>\n<p>Ils ont \u00e9voqu\u00e9 les voies et moyens de renforcer la coop\u00e9ration dans tous les domaines entre la Tunisie et l&#8217;Union pour la M\u00e9diterran\u00e9e. La rencontre a \u00e9t\u00e9 l&#8217;occasion pour confirmer le soutien de la Tunisie aux d\u00e9marches progressives de l&#8217;UpM en vue de l&#8217;\u00e9dification d&#8217;un espace euro-m\u00e9diterran\u00e9en assurant une int\u00e9gration effective entre ses \u00c9tats membres. Cette int\u00e9gration se fera \u00e0 travers le renforcement des m\u00e9canismes de coop\u00e9ration r\u00e9gionale et le lancement de projets concrets afin de garantir la compl\u00e9mentarit\u00e9 entre les Etats de l&#8217;Union pour la M\u00e9diterran\u00e9e.<\/p>\n<p>&nbsp;<\/p>\n","protected":false},"excerpt":{"rendered":"<p>Tunis, le 6 Juin 2014. Le Pr\u00e9sident de la R\u00e9publique tunisienne Moncef Marzouki a re\u00e7u aujourd&#8217;hui au palais de Carthage le Secr\u00e9taire G\u00e9n\u00e9ral de l&#8217;UpM Fathallah Sijilmassi. Ils ont \u00e9voqu\u00e9 les voies et moyens de renforcer la coop\u00e9ration dans tous les domaines entre la Tunisie et l&#8217;Union pour la M\u00e9diterran\u00e9e. La rencontre a \u00e9t\u00e9 l&#8217;occasion<br \/><a href=\"https:\/\/ufmsecretariat.org\/fr\/le-president-de-la-republique-tunisienne-a-recu-le-secretaire-general-de-lupm\/\" class=\"more\">Lire la suite<\/a><\/p>\n","protected":false},"author":3,"featured_media":11068,"comment_status":"open","ping_status":"open","sticky":false,"template":"","format":"standard","meta":{"footnotes":""},"categories":[92,85],"tags":[],"priority-area":[],"class_list":["post-11067","post","type-post","status-publish","format-standard","has-post-thumbnail","hentry","category-actualites","category-actualites-phares"],"_links":{"self":[{"href":"https:\/\/ufmsecretariat.org\/fr\/wp-json\/wp\/v2\/posts\/11067","targetHints":{"allow":["GET"]}}],"collection":[{"href":"https:\/\/ufmsecretariat.org\/fr\/wp-json\/wp\/v2\/posts"}],"about":[{"href":"https:\/\/ufmsecretariat.org\/fr\/wp-json\/wp\/v2\/types\/post"}],"author":[{"embeddable":true,"href":"https:\/\/ufmsecretariat.org\/fr\/wp-json\/wp\/v2\/users\/3"}],"replies":[{"embeddable":true,"href":"https:\/\/ufmsecretariat.org\/fr\/wp-json\/wp\/v2\/comments?post=11067"}],"version-history":[{"count":4,"href":"https:\/\/ufmsecretariat.org\/fr\/wp-json\/wp\/v2\/posts\/11067\/revisions"}],"predecessor-version":[{"id":11070,"href":"https:\/\/ufmsecretariat.org\/fr\/wp-json\/wp\/v2\/posts\/11067\/revisions\/11070"}],"wp:featuredmedia":[{"embeddable":true,"href":"https:\/\/ufmsecretariat.org\/fr\/wp-json\/wp\/v2\/media\/11068"}],"wp:attachment":[{"href":"https:\/\/ufmsecretariat.org\/fr\/wp-json\/wp\/v2\/media?parent=11067"}],"wp:term":[{"taxonomy":"category","embeddable":true,"href":"https:\/\/ufmsecretariat.org\/fr\/wp-json\/wp\/v2\/categories?post=11067"},{"taxonomy":"post_tag","embeddable":true,"href":"https:\/\/ufmsecretariat.org\/fr\/wp-json\/wp\/v2\/tags?post=11067"},{"taxonomy":"priority-area","embeddable":true,"href":"https:\/\/ufmsecretariat.org\/fr\/wp-json\/wp\/v2\/priority-area?post=11067"}],"curies":[{"name":"wp","href":"https:\/\/api.w.org\/{rel}","templated":true}]}}