
{"id":121445,"date":"2021-06-22T15:47:28","date_gmt":"2021-06-22T14:47:28","guid":{"rendered":"https:\/\/ufmsecretariat.org\/\/news-ufm-report-internationalisation-of-higher-education-mediterranean\/"},"modified":"2021-06-22T18:56:35","modified_gmt":"2021-06-22T17:56:35","slug":"news-ufm-report-internationalisation-of-higher-education-mediterranean","status":"publish","type":"post","link":"https:\/\/ufmsecretariat.org\/fr\/news-ufm-report-internationalisation-of-higher-education-mediterranean\/","title":{"rendered":"Nouveau rapport de l&#8217;UpM sur l&#8217;internationalisation de l&#8217;enseignement sup\u00e9rieur en M\u00e9diterran\u00e9e"},"content":{"rendered":"<p><strong>2 juin 2021<\/strong>.\u00a0<span data-contrast=\"auto\">Les efforts\u00a0de\u00a0coop\u00e9ration dans les domaines de l&#8217;enseignement sup\u00e9rieur, de la recherche et de l&#8217;innovation,\u00a0jouent un r\u00f4le essentiel dans la\u00a0mise en place\u00a0d&#8217;un agenda positif pour les jeunes en M\u00e9diterran\u00e9e, en raison\u00a0de son impact sur\u00a0l\u2019employabilit\u00e9 et\u00a0le\u00a0dialogue interculturel.\u00a0<\/span><b><span data-contrast=\"auto\">L&#8217;Union pour la M\u00e9diterran\u00e9e (UpM) a\u00a0donc\u00a0lanc\u00e9 un processus de dialogue r\u00e9gional sur l&#8217;internationalisation de l&#8217;enseignement sup\u00e9rieur dans la r\u00e9gion,\u00a0afin d\u2019appuyer\u00a0ce\u00a0processus\u00a0et\u00a0am\u00e9liorer la qualit\u00e9 et les normes d&#8217;enseignement et de\u00a0<\/span><\/b><\/p>\n<p><img loading=\"lazy\" decoding=\"async\" class=\"wp-image-121442 alignleft\" src=\"https:\/\/ufmsecretariat.org\/\/wp-content\/uploads\/2021\/06\/WhatsApp-Image-2021-06-22-at-11.32.27-512x1024.jpeg\" alt=\"\" width=\"305\" height=\"610\" srcset=\"https:\/\/ufmsecretariat.org\/wp-content\/uploads\/2021\/06\/WhatsApp-Image-2021-06-22-at-11.32.27-512x1024.jpeg 512w, https:\/\/ufmsecretariat.org\/wp-content\/uploads\/2021\/06\/WhatsApp-Image-2021-06-22-at-11.32.27-150x300.jpeg 150w, https:\/\/ufmsecretariat.org\/wp-content\/uploads\/2021\/06\/WhatsApp-Image-2021-06-22-at-11.32.27-768x1536.jpeg 768w, https:\/\/ufmsecretariat.org\/wp-content\/uploads\/2021\/06\/WhatsApp-Image-2021-06-22-at-11.32.27-384x768.jpeg 384w, https:\/\/ufmsecretariat.org\/wp-content\/uploads\/2021\/06\/WhatsApp-Image-2021-06-22-at-11.32.27.jpeg 800w\" sizes=\"auto, (max-width: 305px) 100vw, 305px\" \/><\/p>\n<p><b><span data-contrast=\"auto\">recherche<\/span><\/b><span data-contrast=\"auto\">.\u00a0Ce dialogue vise \u00e0\u00a0encourager les \u00e9changes de bonnes pratiques\u00a0entre les pays de l&#8217;UpM\u00a0sur les politiques r\u00e9pondant aux d\u00e9fis et priorit\u00e9s\u00a0partag\u00e9es\u00a0et \u00e0 favoriser des projets communs.<\/span><span data-ccp-props=\"{&quot;201341983&quot;:0,&quot;335551550&quot;:6,&quot;335551620&quot;:6,&quot;335559685&quot;:-1,&quot;335559739&quot;:160,&quot;335559740&quot;:259,&quot;335559991&quot;:2}\">\u00a0<\/span><\/p>\n<p><span data-contrast=\"auto\">Lors de la r\u00e9union du dialogue r\u00e9gional sur l&#8217;enseignement sup\u00e9rieur au Caire en 2019, la n\u00e9cessit\u00e9 de consolider des donn\u00e9es sur l&#8217;internationalisation de l&#8217;enseignement sup\u00e9rieur dans la r\u00e9gion de l&#8217;UpM\u00a0a \u00e9t\u00e9\u00a0mis en avant. \u00c0 l\u2019aube d\u2019une nouvelle g\u00e9n\u00e9ration d\u2019universit\u00e9s, il a \u00e9t\u00e9 soulign\u00e9 la n\u00e9cessit\u00e9 d\u2019un changement d&#8217;\u00e9chelle dans les m\u00e9canismes\u00a0d\u2019internationalisation, englobant\u00a0cette fois-ci\u00a0toute la r\u00e9gion de l&#8217;UpM.\u00a0<\/span><span data-ccp-props=\"{&quot;201341983&quot;:0,&quot;335551550&quot;:6,&quot;335551620&quot;:6,&quot;335559685&quot;:-1,&quot;335559739&quot;:160,&quot;335559740&quot;:259,&quot;335559991&quot;:2}\">\u00a0<\/span><\/p>\n<p><span data-contrast=\"auto\">Pour r\u00e9pondre aux besoins, <a href=\"https:\/\/ufmsecretariat.org\/\/publication-speech\/internationalisation-of-higher-education-mediterranean\/\" target=\"_blank\" rel=\"noopener\">l&#8217;UpM\u00a0a lanc\u00e9 une \u00e9tude<\/a>, men\u00e9e par l&#8217;Union des Universit\u00e9s M\u00e9diterran\u00e9ennes (UNIMED), qui\u00a0se veut \u00eatre\u00a0un outil pour les d\u00e9cideurs politiques et les diff\u00e9rentes parties prenantes.<\/span><b><span data-contrast=\"auto\">\u00a0Cette \u00e9tude examine l&#8217;internationalisation de l&#8217;enseignement sup\u00e9rieur dans 10 pays : Alg\u00e9rie, \u00c9gypte, Isra\u00ebl, Jordanie, Liban, Libye, Mauritanie, Maroc, Palestine et Tunisie<\/span><\/b><span data-contrast=\"auto\">. Elle se concentre particuli\u00e8rement sur les ressources et les opportunit\u00e9s disponibles au niveau national et r\u00e9gional.<\/span><span data-ccp-props=\"{&quot;201341983&quot;:0,&quot;335551550&quot;:6,&quot;335551620&quot;:6,&quot;335559685&quot;:-1,&quot;335559739&quot;:160,&quot;335559740&quot;:240,&quot;335559991&quot;:2}\">\u00a0<\/span><\/p>\n<p><span data-contrast=\"auto\">Utilisant des donn\u00e9es quantitatives,\u00a0des enqu\u00eates, des entretiens, des groupes de discussion et des recherches, l&#8217;\u00e9tude propose pour chaque pays une analyse SWOT (forces, faiblesses, opportunit\u00e9s et menaces), ainsi que des recommandations sp\u00e9cifiques et une feuille de route th\u00e9matique. Les principales conclusions sont les suivantes :<\/span><span data-ccp-props=\"{&quot;201341983&quot;:0,&quot;335551550&quot;:6,&quot;335551620&quot;:6,&quot;335559685&quot;:-1,&quot;335559739&quot;:160,&quot;335559740&quot;:240,&quot;335559991&quot;:2}\">\u00a0<\/span><\/p>\n<ul>\n<li data-leveltext=\"\uf0b7\" data-font=\"Symbol\" data-listid=\"6\" aria-setsize=\"-1\" data-aria-posinset=\"1\" data-aria-level=\"1\"><span data-contrast=\"auto\">Dans la plupart des cas, l&#8217;internationalisation est simplement identifi\u00e9e comme la mobilit\u00e9, alors qu&#8217;une strat\u00e9gie d&#8217;internationalisation plus globale serait b\u00e9n\u00e9fique pour les institutions et\u00a0son\u00a0personnel et pourrait accro\u00eetre son attractivit\u00e9.<\/span><span data-ccp-props=\"{&quot;201341983&quot;:0,&quot;335551550&quot;:6,&quot;335551620&quot;:6,&quot;335559738&quot;:120,&quot;335559739&quot;:0,&quot;335559740&quot;:240,&quot;335559795&quot;:0,&quot;335559797&quot;:0}\">\u00a0<\/span><\/li>\n<li data-leveltext=\"\uf0b7\" data-font=\"Symbol\" data-listid=\"6\" aria-setsize=\"-1\" data-aria-posinset=\"2\" data-aria-level=\"1\"><span data-contrast=\"auto\">Les obstacles \u00e0 une internationalisation efficace r\u00e9sident dans une\u00a0<\/span><b><span data-contrast=\"auto\">forte fragmentation des proc\u00e9dures et des syst\u00e8mes de reconnaissance des cr\u00e9dits, l&#8217;\u00e9valuation des qualifications et les difficult\u00e9s \u00e0 obtenir des visas<\/span><\/b><span data-contrast=\"auto\">\u00a0pour la mobilit\u00e9 internationale, en particulier pour les pays de la r\u00e9gion MENA vers l\u2019Europe.<\/span><span data-ccp-props=\"{&quot;201341983&quot;:0,&quot;335551550&quot;:6,&quot;335551620&quot;:6,&quot;335559738&quot;:120,&quot;335559739&quot;:0,&quot;335559740&quot;:240,&quot;335559795&quot;:0,&quot;335559797&quot;:0}\">\u00a0<\/span><\/li>\n<\/ul>\n<ul>\n<li data-leveltext=\"\uf0b7\" data-font=\"Symbol\" data-listid=\"6\" aria-setsize=\"-1\" data-aria-posinset=\"1\" data-aria-level=\"1\"><span data-contrast=\"auto\">Une s\u00e9rie de recommandations se d\u00e9gagent de l&#8217;\u00e9tude, tant au niveau national que r\u00e9gional.\u00a0Ces propositions concernent\u00a0des m\u00e9canismes de partage d&#8217;informations, l&#8217;am\u00e9lioration des initiatives et des programmes r\u00e9gionaux actuels,\u00a0des synergies et compl\u00e9mentarit\u00e9s entre les programmes et les sch\u00e9mas de mobilit\u00e9 existants et les m\u00e9canismes appropri\u00e9s de d\u00e9veloppement des capacit\u00e9s pour les \u00e9tablissements d&#8217;enseignement sup\u00e9rieur.<\/span><span data-ccp-props=\"{&quot;201341983&quot;:0,&quot;335551550&quot;:6,&quot;335551620&quot;:6,&quot;335559738&quot;:120,&quot;335559739&quot;:0,&quot;335559740&quot;:240,&quot;335559795&quot;:0,&quot;335559797&quot;:0}\">\u00a0<\/span><\/li>\n<\/ul>\n<p><span data-contrast=\"auto\">Ce rapport a \u00e9t\u00e9 pr\u00e9sent\u00e9 lors d&#8217;un \u00e9v\u00e9nement en ligne le 22 juin\u00a0qui lancera la pr\u00e9paration d&#8217;un agenda politique pour la r\u00e9gion. Comme l&#8217;affirme le Secr\u00e9taire G\u00e9n\u00e9ral de l&#8217;UpM, Nasser Kamel, dans l&#8217;avant-propos du rapport :\u00a0<\/span><i><span data-contrast=\"auto\">\u00ab\u00a0Ce n&#8217;est qu&#8217;en investissant dans notre avenir, dans notre jeunesse, que nous pourrons, en tant que garants de l&#8217;internationalisation, assurer un cadre de durabilit\u00e9 et de prosp\u00e9rit\u00e9 en M\u00e9diterran\u00e9e. \u00bb<\/span><\/i><span data-ccp-props=\"{&quot;201341983&quot;:0,&quot;335551550&quot;:6,&quot;335551620&quot;:6,&quot;335559685&quot;:-1,&quot;335559739&quot;:160,&quot;335559740&quot;:240,&quot;335559991&quot;:2}\">\u00a0<\/span><\/p>\n<p><b><span data-contrast=\"auto\">S\u00e9lection de\u00a015 faits\u00a0de l\u2019\u00e9tude\u202f:<\/span><\/b><span data-ccp-props=\"{&quot;201341983&quot;:0,&quot;335551550&quot;:6,&quot;335551620&quot;:6,&quot;335559685&quot;:-1,&quot;335559739&quot;:160,&quot;335559740&quot;:240,&quot;335559991&quot;:2}\">\u00a0<\/span><\/p>\n<p><span data-contrast=\"auto\">Environ 8 000 \u00e9tudiants \u00e9trangers de 62 nationalit\u00e9s diff\u00e9rentes sont\u00a0inscrits\u00a0en\u00a0<\/span><b><span data-contrast=\"auto\">Alg\u00e9rie<\/span><\/b><span data-contrast=\"auto\">.<\/span><span data-ccp-props=\"{&quot;201341983&quot;:0,&quot;335551550&quot;:6,&quot;335551620&quot;:6,&quot;335559685&quot;:720,&quot;335559738&quot;:120,&quot;335559739&quot;:0,&quot;335559740&quot;:240,&quot;335559795&quot;:0,&quot;335559797&quot;:0}\">\u00a0<\/span><\/p>\n<p><span data-contrast=\"auto\">L&#8217;<\/span><b><span data-contrast=\"auto\">\u00c9gypte<\/span><\/b><span data-contrast=\"auto\">\u00a0a\u00a0l&#8217;un des plus grands nombres d&#8217;\u00e9tudiants inscrits\u00a0de\u00a0la r\u00e9gion MENA, avec environ 2,4 millions.<\/span><span data-ccp-props=\"{&quot;201341983&quot;:0,&quot;335551550&quot;:6,&quot;335551620&quot;:6,&quot;335559685&quot;:720,&quot;335559738&quot;:120,&quot;335559739&quot;:0,&quot;335559740&quot;:240,&quot;335559795&quot;:0,&quot;335559797&quot;:0}\">\u00a0<\/span><\/p>\n<p><span data-contrast=\"auto\">Le budget de l&#8217;enseignement sup\u00e9rieur d&#8217;<\/span><b><span data-contrast=\"auto\">Isra\u00ebl<\/span><\/b><span data-contrast=\"auto\">\u00a0\u00e9tait de 2,6 milliards d&#8217;euros en 2016, pour passer \u00e0 3 milliards d&#8217;euros en 2022.<\/span><span data-ccp-props=\"{&quot;201341983&quot;:0,&quot;335551550&quot;:6,&quot;335551620&quot;:6,&quot;335559685&quot;:720,&quot;335559738&quot;:120,&quot;335559739&quot;:0,&quot;335559740&quot;:240,&quot;335559795&quot;:0,&quot;335559797&quot;:0}\">\u00a0<\/span><\/p>\n<p><span data-contrast=\"auto\">54 % des \u00e9tudiants en\u00a0<\/span><b><span data-contrast=\"auto\">Jordanie\u00a0<\/span><\/b><span data-contrast=\"auto\">sont des femmes ; le nombre de femmes \u00e2g\u00e9es de 20 \u00e0 39 ans dipl\u00f4m\u00e9es de l&#8217;universit\u00e9 a presque tripl\u00e9 de 2000 \u00e0 2017.<\/span><span data-ccp-props=\"{&quot;201341983&quot;:0,&quot;335551550&quot;:6,&quot;335551620&quot;:6,&quot;335559685&quot;:720,&quot;335559738&quot;:120,&quot;335559739&quot;:0,&quot;335559740&quot;:240,&quot;335559795&quot;:0,&quot;335559797&quot;:0}\">\u00a0<\/span><\/p>\n<p><span data-contrast=\"auto\">La plupart des mobilit\u00e9s \u00e9tudiantes du\u00a0<\/span><b><span data-contrast=\"auto\">Liban\u00a0<\/span><\/b><span data-contrast=\"auto\">sont dirig\u00e9es vers la France, l&#8217;Italie, la Belgique, l&#8217;Allemagne et le Royaume-Uni.<\/span><span data-ccp-props=\"{&quot;201341983&quot;:0,&quot;335551550&quot;:6,&quot;335551620&quot;:6,&quot;335559685&quot;:720,&quot;335559738&quot;:120,&quot;335559739&quot;:0,&quot;335559740&quot;:240,&quot;335559795&quot;:0,&quot;335559797&quot;:0}\">\u00a0<\/span><\/p>\n<p><span data-contrast=\"auto\">Le nombre\u00a0<\/span><b><span data-contrast=\"auto\">d&#8217;\u00e9tudiants syriens en Jordanie a quadrupl\u00e9 entre 2011 et 2016<\/span><\/b><span data-contrast=\"auto\">\u00a0en raison de la crise des r\u00e9fugi\u00e9s, mettant la pression sur les \u00e9tablissements d&#8217;enseignement sup\u00e9rieur.<\/span><span data-ccp-props=\"{&quot;201341983&quot;:0,&quot;335551550&quot;:6,&quot;335551620&quot;:6,&quot;335559685&quot;:720,&quot;335559738&quot;:120,&quot;335559739&quot;:0,&quot;335559740&quot;:240,&quot;335559795&quot;:0,&quot;335559797&quot;:0}\">\u00a0<\/span><\/p>\n<p><span data-contrast=\"auto\">Le\u00a0<\/span><b><span data-contrast=\"auto\">Maroc\u00a0<\/span><\/b><span data-contrast=\"auto\">a accueilli environ 20 000 \u00e9tudiants d&#8217;Afrique subsaharienne. 70 % des \u00e9tudiants \u00e9trangers viennent d&#8217;Afrique, 21 % du Moyen-Orient et 3 % d&#8217;Europe.<\/span><span data-ccp-props=\"{&quot;201341983&quot;:0,&quot;335551550&quot;:6,&quot;335551620&quot;:6,&quot;335559685&quot;:720,&quot;335559738&quot;:120,&quot;335559739&quot;:0,&quot;335559740&quot;:240,&quot;335559795&quot;:0,&quot;335559797&quot;:0}\">\u00a0<\/span><\/p>\n<p><span data-contrast=\"auto\">16 universit\u00e9s en\u00a0<\/span><b><span data-contrast=\"auto\">Palestine\u00a0<\/span><\/b><span data-contrast=\"auto\">ont conclu des accords de partenariat et de coop\u00e9ration avec des universit\u00e9s du monde\u00a0Arabe, d&#8217;Europe, des \u00c9tats-Unis, d&#8217;Australie, de Chine, du Japon, du Canada et d&#8217;autres pays de la r\u00e9gion.<\/span><span data-ccp-props=\"{&quot;201341983&quot;:0,&quot;335551550&quot;:6,&quot;335551620&quot;:6,&quot;335559685&quot;:720,&quot;335559738&quot;:120,&quot;335559739&quot;:0,&quot;335559740&quot;:240,&quot;335559795&quot;:0,&quot;335559797&quot;:0}\">\u00a0<\/span><\/p>\n<p><span data-contrast=\"auto\">Entre 2015 et 2019, la\u00a0<\/span><b><span data-contrast=\"auto\">Tunisie\u00a0<\/span><\/b><span data-contrast=\"auto\">a \u00e9t\u00e9 impliqu\u00e9e dans\u00a0plus de\u00a06\u00a0000\u00a0mobilit\u00e9s (Erasmus+ ICM), principalement r\u00e9alis\u00e9es par les Universit\u00e9s de Carthage, Sfax et Tunis El Manar.<\/span><span data-ccp-props=\"{&quot;201341983&quot;:0,&quot;335551550&quot;:6,&quot;335551620&quot;:6,&quot;335559685&quot;:720,&quot;335559738&quot;:120,&quot;335559739&quot;:0,&quot;335559740&quot;:240,&quot;335559795&quot;:0,&quot;335559797&quot;:0}\">\u00a0<\/span><\/p>\n<p><span data-contrast=\"auto\">Par an,\u00a0avant la pand\u00e9mie,\u00a0plus de\u00a0<\/span><b><span data-contrast=\"auto\">220 000 \u00e9tudiants se d\u00e9pla\u00e7ant dans le monde venaient des pays de la r\u00e9gion MENA<\/span><\/b><span data-contrast=\"auto\">, qui \u00e0 leur tour\u00a0<\/span><b><span data-contrast=\"auto\">ont accueilli plus de 134 000 \u00e9tudiants internationaux.<\/span><\/b><span data-ccp-props=\"{&quot;201341983&quot;:0,&quot;335551550&quot;:6,&quot;335551620&quot;:6,&quot;335559685&quot;:720,&quot;335559738&quot;:120,&quot;335559739&quot;:0,&quot;335559740&quot;:240,&quot;335559795&quot;:0,&quot;335559797&quot;:0}\">\u00a0<\/span><\/p>\n<p><b><span data-contrast=\"auto\">L&#8217;Alg\u00e9rie, la Mauritanie, le Maroc et la Tunisie ont une sortie nette de mobilit\u00e9 \u00e9tudiante, tandis que l&#8217;\u00c9gypte, le Liban et la Jordanie ont une entr\u00e9e nette<\/span><\/b><span data-contrast=\"auto\">\u00a0(en particulier du reste de l&#8217;Asie et de certains pays africains).<\/span><span data-ccp-props=\"{&quot;201341983&quot;:0,&quot;335551550&quot;:6,&quot;335551620&quot;:6,&quot;335559685&quot;:720,&quot;335559738&quot;:120,&quot;335559739&quot;:0,&quot;335559740&quot;:240,&quot;335559795&quot;:0,&quot;335559797&quot;:0}\">\u00a0<\/span><\/p>\n<p><span data-contrast=\"auto\">Les pays\u00a0du Sud et de l\u2019Est de la M\u00e9diterran\u00e9e\u00a0envoient et re\u00e7oivent de plus en plus d&#8217;\u00e9tudiants vers et depuis la r\u00e9gion\u00a0MENA,\u00a0mais \u00e9galement de\u00a0la Malaisie, l&#8217;Arabie saoudite, l&#8217;Inde et la Chine.\u00a0<\/span><b><span data-contrast=\"auto\">La Malaisie est l&#8217;un des acteurs les plus actifs de la r\u00e9gion m\u00e9diterran\u00e9enne,\u00a0<\/span><\/b><span data-contrast=\"auto\">renfor\u00e7ant constamment sa coop\u00e9ration avec les pays arabes et les \u00e9tablissements d&#8217;enseignement sup\u00e9rieur.<\/span><span data-ccp-props=\"{&quot;201341983&quot;:0,&quot;335551550&quot;:6,&quot;335551620&quot;:6,&quot;335559685&quot;:720,&quot;335559738&quot;:120,&quot;335559739&quot;:0,&quot;335559740&quot;:240,&quot;335559795&quot;:0,&quot;335559797&quot;:0}\">\u00a0<\/span><\/p>\n<p><span data-contrast=\"auto\">La mobilit\u00e9 acad\u00e9mique se fait majoritairement du Sud vers le Nord de la r\u00e9gion ; la faible attractivit\u00e9 des syst\u00e8mes locaux d&#8217;enseignement sup\u00e9rieur, y compris la\u00a0diversit\u00e9\u00a0de la recherche, emp\u00eache les pays du sud de la M\u00e9diterran\u00e9e \u00e0 parvenir \u00e0 une mobilit\u00e9 r\u00e9ciproque.<\/span><span data-ccp-props=\"{&quot;201341983&quot;:0,&quot;335551550&quot;:6,&quot;335551620&quot;:6,&quot;335559685&quot;:720,&quot;335559738&quot;:120,&quot;335559739&quot;:0,&quot;335559740&quot;:240,&quot;335559795&quot;:0,&quot;335559797&quot;:0}\">\u00a0<\/span><\/p>\n<p><span data-contrast=\"auto\">Le programme Erasmus+ de l&#8217;UE g\u00e9n\u00e8re le plus grand impact sur les strat\u00e9gies d&#8217;internationalisation des \u00e9tablissements d&#8217;enseignement sup\u00e9rieur. Dans la r\u00e9gion de la M\u00e9diterran\u00e9e du Sud\u00a0et de l\u2019Est,\u00a0\u00e0 l\u2019inverse, l&#8217;accent est mis sur les activit\u00e9s nationales et la coop\u00e9ration bilat\u00e9rale, plut\u00f4t que sur une approche r\u00e9gionale.<\/span><span data-ccp-props=\"{&quot;201341983&quot;:0,&quot;335551550&quot;:6,&quot;335551620&quot;:6,&quot;335559685&quot;:720,&quot;335559738&quot;:120,&quot;335559739&quot;:0,&quot;335559740&quot;:240,&quot;335559795&quot;:0,&quot;335559797&quot;:0}\">\u00a0<\/span><\/p>\n<p><span data-contrast=\"auto\">Les universit\u00e9s de la r\u00e9gion MENA se per\u00e7oivent comme davantage ax\u00e9es sur l&#8217;enseignement que sur la recherche. Le secteur de la recherche souffre d&#8217;une faible allocation budg\u00e9taire :\u00a0<\/span><b><span data-contrast=\"auto\">tous les pays de l&#8217;\u00e9tude consacrent moins de 1 % de leur PIB \u00e0 la recherche et au d\u00e9veloppement.<\/span><\/b><span data-ccp-props=\"{&quot;201341983&quot;:0,&quot;335551550&quot;:6,&quot;335551620&quot;:6,&quot;335559685&quot;:720,&quot;335559738&quot;:120,&quot;335559739&quot;:0,&quot;335559740&quot;:240,&quot;335559795&quot;:0,&quot;335559797&quot;:0}\">\u00a0<\/span><\/p>\n<p><a href=\"https:\/\/ufmsecretariat.org\/\/publication-speech\/internationalisation-of-higher-education-mediterranean\/\" target=\"_blank\" rel=\"noopener\">T\u00e9l\u00e9charger le rapport<\/a><\/p>\n<p>&nbsp;<\/p>\n","protected":false},"excerpt":{"rendered":"<p>2 juin 2021.\u00a0Les efforts\u00a0de\u00a0coop\u00e9ration dans les domaines de l&#8217;enseignement sup\u00e9rieur, de la recherche et de l&#8217;innovation,\u00a0jouent un r\u00f4le essentiel dans la\u00a0mise en place\u00a0d&#8217;un agenda positif pour les jeunes en M\u00e9diterran\u00e9e, en raison\u00a0de son impact sur\u00a0l\u2019employabilit\u00e9 et\u00a0le\u00a0dialogue interculturel.\u00a0L&#8217;Union pour la M\u00e9diterran\u00e9e (UpM) a\u00a0donc\u00a0lanc\u00e9 un processus de dialogue r\u00e9gional sur l&#8217;internationalisation de l&#8217;enseignement sup\u00e9rieur dans la r\u00e9gion,\u00a0afin<br \/><a href=\"https:\/\/ufmsecretariat.org\/fr\/news-ufm-report-internationalisation-of-higher-education-mediterranean\/\" class=\"more\">Lire la suite<\/a><\/p>\n","protected":false},"author":3,"featured_media":121438,"comment_status":"open","ping_status":"open","sticky":false,"template":"","format":"standard","meta":{"footnotes":""},"categories":[92,85,39],"tags":[],"priority-area":[12782,203],"class_list":["post-121445","post","type-post","status-publish","format-standard","has-post-thumbnail","hentry","category-actualites","category-actualites-phares","category-non-classifiee","priority-area-activity-of-the-secretary-general-fr","priority-area-higher-education-research-fr"],"_links":{"self":[{"href":"https:\/\/ufmsecretariat.org\/fr\/wp-json\/wp\/v2\/posts\/121445","targetHints":{"allow":["GET"]}}],"collection":[{"href":"https:\/\/ufmsecretariat.org\/fr\/wp-json\/wp\/v2\/posts"}],"about":[{"href":"https:\/\/ufmsecretariat.org\/fr\/wp-json\/wp\/v2\/types\/post"}],"author":[{"embeddable":true,"href":"https:\/\/ufmsecretariat.org\/fr\/wp-json\/wp\/v2\/users\/3"}],"replies":[{"embeddable":true,"href":"https:\/\/ufmsecretariat.org\/fr\/wp-json\/wp\/v2\/comments?post=121445"}],"version-history":[{"count":3,"href":"https:\/\/ufmsecretariat.org\/fr\/wp-json\/wp\/v2\/posts\/121445\/revisions"}],"predecessor-version":[{"id":121467,"href":"https:\/\/ufmsecretariat.org\/fr\/wp-json\/wp\/v2\/posts\/121445\/revisions\/121467"}],"wp:featuredmedia":[{"embeddable":true,"href":"https:\/\/ufmsecretariat.org\/fr\/wp-json\/wp\/v2\/media\/121438"}],"wp:attachment":[{"href":"https:\/\/ufmsecretariat.org\/fr\/wp-json\/wp\/v2\/media?parent=121445"}],"wp:term":[{"taxonomy":"category","embeddable":true,"href":"https:\/\/ufmsecretariat.org\/fr\/wp-json\/wp\/v2\/categories?post=121445"},{"taxonomy":"post_tag","embeddable":true,"href":"https:\/\/ufmsecretariat.org\/fr\/wp-json\/wp\/v2\/tags?post=121445"},{"taxonomy":"priority-area","embeddable":true,"href":"https:\/\/ufmsecretariat.org\/fr\/wp-json\/wp\/v2\/priority-area?post=121445"}],"curies":[{"name":"wp","href":"https:\/\/api.w.org\/{rel}","templated":true}]}}