
{"id":127850,"date":"2021-11-29T09:44:45","date_gmt":"2021-11-29T08:44:45","guid":{"rendered":"https:\/\/ufmsecretariat.org\/\/?p=127850"},"modified":"2021-11-29T09:44:45","modified_gmt":"2021-11-29T08:44:45","slug":"new-agreement-between-undp-and-ufm-2021","status":"publish","type":"post","link":"https:\/\/ufmsecretariat.org\/fr\/new-agreement-between-undp-and-ufm-2021\/","title":{"rendered":"Un nouvel accord entre le PNUD et l&#8217;Union pour la M\u00e9diterran\u00e9e pour renforcer la paix et la prosp\u00e9rit\u00e9 dans des r\u00e9gions cl\u00e9s"},"content":{"rendered":"<p class=\"p1\"><b>Barcelone, le 29 novembre 2021 <\/b><span class=\"s1\"><b><i> \u2013<\/i><\/b><\/span> L&#8217;action pour le climat, l&#8217;int\u00e9gration \u00e9conomique et le soutien aux femmes et aux jeunes font partis des domaines cl\u00e9s du partenariat dans le cadre d&#8217;un nouveau protocole d&#8217;accord (MoU) sign\u00e9 aujourd&#8217;hui entre l&#8217;Union pour la M\u00e9diterran\u00e9e (UpM) et le Bureau r\u00e9gional pour les \u00c9tats arabes du Programme des Nations Unies pour le d\u00e9veloppement (PNUD).<\/p>\n<p class=\"p1\">L&#8217;accord, d&#8217;une dur\u00e9e de trois ans, renforce la collaboration entre les deux organisations afin de relever les d\u00e9fis communs dans les r\u00e9gions de la M\u00e9diterran\u00e9e et des \u00c9tats arabes, leur permettant ainsi de travailler ensemble \u00e0 la construction de la paix et de la prosp\u00e9rit\u00e9 par l&#8217;\u00e9laboration de politiques, la mise en \u0153uvre de projets et le partage de connaissances.<\/p>\n<p class=\"p1\">Les actions pour aider les pays \u00e0 s&#8217;adapter et att\u00e9nuer les effets croissants du changement climatique font partie int\u00e9grante de l&#8217;accord, notamment la mise en place d&#8217;un p\u00f4le m\u00e9diterran\u00e9en du changement climatique, qui assurera la formation des agents de l&#8217;administration publique centrale et locale sur l\u2019adaptation au climat et am\u00e9liorera les enqu\u00eates et la collecte de donn\u00e9es.<\/p>\n<p class=\"p1\">Avec plus de la moiti\u00e9 de la population de la r\u00e9gion arabe \u00e2g\u00e9e de moins de 25 ans, il est primordial de donner aux jeunes les moyens d&#8217;agir en soutenant des programmes de leadership et en d\u00e9veloppant des politiques efficaces qui r\u00e9pondent \u00e0 leurs besoins. Des actions conjointes pour promouvoir l&#8217;emploi et la croissance \u00e9conomique dans les deux r\u00e9gions seront \u00e9galement explor\u00e9es. L\u2019accent sera mis notamment pour am\u00e9liorer l&#8217;employabilit\u00e9 des groupes vuln\u00e9rables, comme les jeunes et les femmes et pour favoriser une culture d&#8217;entrepreneuriat et de d\u00e9veloppement du secteur priv\u00e9.<\/p>\n<p class=\"p1\">A l&#8217;occasion de sa signature, le Secr\u00e9taire G\u00e9n\u00e9ral de l&#8217;UpM, Nasser Kamel, et la Directrice r\u00e9gionale du PNUD pour les \u00c9tats arabes, Khalida Bouzar, ont partag\u00e9 leurs points de vue sur le nouvel accord.<\/p>\n<p class=\"p4\"><span class=\"s2\">Nasser Kamel, Secr\u00e9taire G\u00e9n\u00e9ral de l&#8217;Union pour la M\u00e9diterran\u00e9e : <\/span><i> \u00ab La signature de ce protocole d&#8217;accord, en marge du Forum R\u00e9gional de l&#8217;UpM r\u00e9unissant ses 42 \u00c9tats membres, t\u00e9moigne d&#8217;un engagement fort et renouvel\u00e9 pour la coop\u00e9ration entre l&#8217;UpM et le PNUD. En unissant nos forces, nous serons en mesure de cr\u00e9er une plateforme \u00e9largie pour le dialogue r\u00e9gional et la coop\u00e9ration. Contribuer \u00e0 l&#8217;int\u00e9gration r\u00e9gionale et \u00e0 la stabilit\u00e9 dans la r\u00e9gion euro-m\u00e9diterran\u00e9enne est l\u2019une des principales priorit\u00e9s de l&#8217;UpM \u00e9voqu\u00e9e aujourd&#8217;hui, et nous nous r\u00e9jouissons de poursuivre et d&#8217;intensifier cet effort aux c\u00f4t\u00e9s du PNUD. \u00bb<\/i><\/p>\n<p class=\"p4\"><i> \u00ab La construction de soci\u00e9t\u00e9s r\u00e9silientes &#8211; en particulier dans les zones touch\u00e9es par des conflits &#8211; ne peut \u00eatre r\u00e9alis\u00e9e par une organisation, seule \u00bb,<\/i><span class=\"s2\"> ajoute Khalida Bouzar, Directrice du Bureau r\u00e9gional du PNUD pour les \u00c9tats arabes. <\/span><i> \u00ab Nous sommes fiers de nous associer \u00e0 l&#8217;UpM pour \u00e9tablir les bases solides de la paix et de la prosp\u00e9rit\u00e9 dans la r\u00e9gion gr\u00e2ce \u00e0 des mesures concr\u00e8tes en faveur du climat, en portant la voix des femmes et de la jeunesse et en soutenant les \u00e9conomies locales et r\u00e9gionales. Nos efforts collectifs sont nourris par un engagement clair en faveur de la r\u00e9alisation des Objectifs de d\u00e9veloppement durable &#8211; notre plan mondial pour un monde meilleur et plus juste &#8211; et je suis impatiente de voir ce passionnant partenariat se concr\u00e9tiser \u00bb<\/i><span class=\"s2\">, dit-elle.<\/span><i> <\/i><\/p>\n<p class=\"p5\">La Directrice du Bureau r\u00e9gional du PNUD pour l&#8217;Europe et la Communaut\u00e9 des \u00c9tats ind\u00e9pendants (CEI), Mirjana Spoljaric Egger, a \u00e9galement \u00e9voqu\u00e9 le partenariat, soulignant le travail essentiel du PNUD en M\u00e9diterran\u00e9e.<\/p>\n<p class=\"p6\"><i> \u00ab De la protection d&#8217;\u00e9cosyst\u00e8mes maritimes uniques en Albanie aux solutions innovantes pour lutter contre les d\u00e9chets plastiques en Turquie, le Bureau r\u00e9gional du PNUD pour l&#8217;Europe et la CEI s&#8217;engage pour la sauvegarde de notre patrimoine naturel en M\u00e9diterran\u00e9e. Les pays m\u00e9diterran\u00e9ens partagent tous la m\u00eame inqui\u00e9tude concernant les effets de la crise climatique et l&#8217;impact de la pand\u00e9mie de COVID-19 sur les plus vuln\u00e9rables, notamment les jeunes et les femmes. Ce nouveau partenariat entre le PNUD et l&#8217;Union pour la M\u00e9diterran\u00e9e t\u00e9moigne de notre engagement pour relever ensemble ces d\u00e9fis et nous efforcer de mieux reconstruire et de fa\u00e7on plus durable \u00bb<\/i><span class=\"s2\">, ajoute-t-elle.<\/span><\/p>\n<p class=\"p7\"><b>\u00c0 propos de l&#8217;Union pour la M\u00e9diterran\u00e9e (UpM)<\/b><\/p>\n<p class=\"p7\"><b>L&#8217;Union pour la M\u00e9diterran\u00e9e (UpM)<\/b> est la seule organisation intergouvernementale euro-m\u00e9diterran\u00e9enne qui r\u00e9unit les pays de l&#8217;Union europ\u00e9enne et 15 pays du Sud et de l&#8217;Est de la M\u00e9diterran\u00e9e. L&#8217;UpM offre un forum pour le renforcement de la coop\u00e9ration r\u00e9gionale, le dialogue et la mise en \u0153uvre de projets et d&#8217;initiatives concr\u00e8tes ayant un impact tangible sur nos citoyens, en particulier nos jeunes, afin d&#8217;atteindre les trois objectifs strat\u00e9giques de la r\u00e9gion : la stabilit\u00e9, le d\u00e9veloppement humain et l\u2019int\u00e9gration. <a href=\"https:\/\/ufmsecretariat.org\/\" target=\"_blank\" rel=\"noopener\"><span class=\"s3\">https:\/\/ufmsecretariat.org\/<\/span><\/a>. L&#8217;UpM est fi\u00e8re de c\u00e9l\u00e9brer <b>la Journ\u00e9e de la M\u00e9diterran\u00e9e<\/b> pour la premi\u00e8re fois cette ann\u00e9e &#8211; Pour en savoir plus, rendez-vous sur <a href=\"https:\/\/mediterraneanday.com\/fr\" target=\"_blank\" rel=\"noopener\"><span class=\"s3\">https:\/\/mediterraneanday.com\/fr<\/span><\/a><\/p>\n<p class=\"p7\"><b>\u00c0 propos du Programme des Nations unies pour le d\u00e9veloppement<\/b><\/p>\n<p class=\"p7\">Le<b> PNUD <\/b>est la principale organisation des Nations Unies qui lutte pour mettre fin \u00e0 l&#8217;injustice de la pauvret\u00e9, des in\u00e9galit\u00e9s et du changement climatique. En collaboration avec notre vaste r\u00e9seau d&#8217;experts et de partenaires dans 170 pays, nous aidons les nations \u00e0 construire des solutions int\u00e9gr\u00e9es et durables pour les hommes et la plan\u00e8te.<\/p>\n<p><a href=\"https:\/\/ufmsecretariat.org\/\/fr\/event\/regional-forum-2021\/\" target=\"_blank\" rel=\"noopener\"><strong>6th UfM Regional Forum 2021<\/strong><\/a><\/p>\n","protected":false},"excerpt":{"rendered":"<p>Barcelone, le 29 novembre 2021 \u2013 L&#8217;action pour le climat, l&#8217;int\u00e9gration \u00e9conomique et le soutien aux femmes et aux jeunes font partis des domaines cl\u00e9s du partenariat dans le cadre d&#8217;un nouveau protocole d&#8217;accord (MoU) sign\u00e9 aujourd&#8217;hui entre l&#8217;Union pour la M\u00e9diterran\u00e9e (UpM) et le Bureau r\u00e9gional pour les \u00c9tats arabes du Programme des Nations<br \/><a href=\"https:\/\/ufmsecretariat.org\/fr\/new-agreement-between-undp-and-ufm-2021\/\" class=\"more\">Lire la suite<\/a><\/p>\n","protected":false},"author":38,"featured_media":127876,"comment_status":"open","ping_status":"open","sticky":false,"template":"","format":"standard","meta":{"footnotes":""},"categories":[92,85],"tags":[],"priority-area":[18246],"class_list":["post-127850","post","type-post","status-publish","format-standard","has-post-thumbnail","hentry","category-actualites","category-actualites-phares","priority-area-institutional-fr"],"_links":{"self":[{"href":"https:\/\/ufmsecretariat.org\/fr\/wp-json\/wp\/v2\/posts\/127850","targetHints":{"allow":["GET"]}}],"collection":[{"href":"https:\/\/ufmsecretariat.org\/fr\/wp-json\/wp\/v2\/posts"}],"about":[{"href":"https:\/\/ufmsecretariat.org\/fr\/wp-json\/wp\/v2\/types\/post"}],"author":[{"embeddable":true,"href":"https:\/\/ufmsecretariat.org\/fr\/wp-json\/wp\/v2\/users\/38"}],"replies":[{"embeddable":true,"href":"https:\/\/ufmsecretariat.org\/fr\/wp-json\/wp\/v2\/comments?post=127850"}],"version-history":[{"count":4,"href":"https:\/\/ufmsecretariat.org\/fr\/wp-json\/wp\/v2\/posts\/127850\/revisions"}],"predecessor-version":[{"id":127871,"href":"https:\/\/ufmsecretariat.org\/fr\/wp-json\/wp\/v2\/posts\/127850\/revisions\/127871"}],"wp:featuredmedia":[{"embeddable":true,"href":"https:\/\/ufmsecretariat.org\/fr\/wp-json\/wp\/v2\/media\/127876"}],"wp:attachment":[{"href":"https:\/\/ufmsecretariat.org\/fr\/wp-json\/wp\/v2\/media?parent=127850"}],"wp:term":[{"taxonomy":"category","embeddable":true,"href":"https:\/\/ufmsecretariat.org\/fr\/wp-json\/wp\/v2\/categories?post=127850"},{"taxonomy":"post_tag","embeddable":true,"href":"https:\/\/ufmsecretariat.org\/fr\/wp-json\/wp\/v2\/tags?post=127850"},{"taxonomy":"priority-area","embeddable":true,"href":"https:\/\/ufmsecretariat.org\/fr\/wp-json\/wp\/v2\/priority-area?post=127850"}],"curies":[{"name":"wp","href":"https:\/\/api.w.org\/{rel}","templated":true}]}}