
{"id":128448,"date":"2021-12-16T12:36:36","date_gmt":"2021-12-16T11:36:36","guid":{"rendered":"https:\/\/ufmsecretariat.org\/\/?p=128448"},"modified":"2022-02-07T17:01:43","modified_gmt":"2022-02-07T16:01:43","slug":"the-ufm-thematic-working-groups-on-transport-connectivity-lay-the-groundwork-for-the-upcoming-ufm-ministerial-conference-on-transport","status":"publish","type":"post","link":"https:\/\/ufmsecretariat.org\/fr\/the-ufm-thematic-working-groups-on-transport-connectivity-lay-the-groundwork-for-the-upcoming-ufm-ministerial-conference-on-transport\/","title":{"rendered":"Les groupes de travail de l&#8217;UpM sur la connectivit\u00e9 des transports visent \u00e0 pr\u00e9parer le terrain pour la prochaine conf\u00e9rence minist\u00e9rielle de l&#8217;UpM sur les transports"},"content":{"rendered":"<p class=\"p1\"><strong>Barcelone, 16 d\u00e9cembre 2021 &#8211;<\/strong><span class=\"Apple-converted-space\">\u00a0<\/span>Les groupes de travail th\u00e9matiques de l&#8217;Union pour la M\u00e9diterran\u00e9e (UpM) sur le transport terrestre (route, rail et transport urbain), a\u00e9rien et maritime, ainsi que sur la logistique de la <a href=\"https:\/\/ufmsecretariat.org\/\/platform\/ufm-regional-platform-on-transport-connectivity\/\" target=\"_blank\" rel=\"noopener\">plateforme r\u00e9gionale de l&#8217;UpM sur la connectivit\u00e9 des transports,<\/a> se sont r\u00e9unis en ligne du 14 au 16 d\u00e9cembre 2021. Durant cette r\u00e9union, les groupes de travail ont pu discuter de<span class=\"Apple-converted-space\">\u00a0 <\/span>tous les aspects techniques n\u00e9cessaires \u00e0 la pr\u00e9paration de la prochaine conf\u00e9rence minist\u00e9rielle de l&#8217;UpM sur la th\u00e9matique du transport. Ce fut aussi l&#8217;occasion pour poursuivre les discussions et le processus consultatif du nouveau plan d&#8217;action r\u00e9gional des transports pour la r\u00e9gion m\u00e9diterran\u00e9enne (PART), pour la p\u00e9riode 2021-2027.<\/p>\n<p class=\"p1\">Les r\u00e9unions, dirig\u00e9es par la copr\u00e9sidence de l&#8217;UpM (la DG MOVE de la Commission europ\u00e9enne et le Minist\u00e8re jordanien des Transports), ont rassembl\u00e9 des coordinateurs nationaux des transports et les points centraux pour les transports terrestres, a\u00e9riens et maritimes, la logistique des Minist\u00e8res techniques des \u00c9tats membres de l&#8217;UpM, ainsi que des participants des principales organisations partenaires r\u00e9gionales et internationales.<\/p>\n<p class=\"p1\">Les groupes de travail ont \u00e9t\u00e9 inform\u00e9s de la validation par la plateforme r\u00e9gionale de l&#8217;UpM sur la connectivit\u00e9 des transports du rapport d&#8217;\u00e9valuation du pr\u00e9c\u00e9dent plan d&#8217;action r\u00e9gional de transport pour la r\u00e9gion m\u00e9diterran\u00e9enne (PART), pour la p\u00e9riode 2014-2020.<\/p>\n<p class=\"p1\">Par la suite, les groupes de travail ont discut\u00e9 de la premi\u00e8re<span class=\"Apple-converted-space\">\u00a0 <\/span>\u00e9bauche du projet PART 2021-2027. Comme l&#8217;a rappel\u00e9 l&#8217;Ambassadeur Sabri E. Ergen, Secr\u00e9taire g\u00e9n\u00e9ral adjoint de l&#8217;UpM pour les transports et le d\u00e9veloppement urbain, et ont \u00e9tabli une feuille de route pour atteindre l&#8217;objectif global de l&#8217;UpM dans le domaine de la connectivit\u00e9 des transports, \u00e0 savoir des progr\u00e8s graduels mais solides vers le d\u00e9veloppement d&#8217;un syst\u00e8me de transport int\u00e9gr\u00e9, multimodal, efficace, interop\u00e9rable, durable et r\u00e9silient, ainsi que plus propre et plus inclusif, dans la r\u00e9gion euro-m\u00e9diterran\u00e9enne, avec l&#8217;objectif ultime de r\u00e9aliser une int\u00e9gration r\u00e9gionale approfondie.<\/p>\n<p class=\"p1\">Les \u00c9tats membres de l&#8217;UpM ont fourni des commentaires d\u00e9taill\u00e9s sur toutes les actions propos\u00e9es pr\u00e9sent\u00e9es dans chaque composante du plan, \u00e0 savoir les strat\u00e9gies nationales de transport, le r\u00e9seau de transport transm\u00e9diterran\u00e9en, la logistique et le transport multimodal, le transport maritime et les ports maritimes, le transport terrestre, l&#8217;aviation civile, la mise en \u0153uvre et l&#8217;\u00e9valuation. Les \u00c9tats membres de l&#8217;UpM ont \u00e9t\u00e9 encourag\u00e9s \u00e0 maintenir leur participation active et leur contribution constructive pour la finalisation du processus consultatif sur le nouveau plan d&#8217;action.<\/p>\n<p class=\"p1\">Les \u00c9tats membres de l&#8217;UpM ont \u00e9galement r\u00e9it\u00e9r\u00e9 leur soutien ferme aux projets pass\u00e9s et en cours de EuroMed Transport et ont appel\u00e9 \u00e0 la poursuite des programmes d&#8217;assistance technique pour la mise en \u0153uvre du futur PART 2021-2027.<\/p>\n<p class=\"p1\">Enfin, les groupes de travail ont discut\u00e9 des prochaines \u00e9tapes pour conclure les discussions sur le PART 2021-2027 et son processus d&#8217;approbation, ainsi que pour l&#8217;adoption du rapport d&#8217;\u00e9valuation du PART 2014-2020 par les hauts fonctionnaires de l&#8217;UpM, dans la perspective de la prochaine conf\u00e9rence minist\u00e9rielle de l&#8217;UpM sur les transports, pr\u00e9vue en 2022.<\/p>\n<p>&nbsp;<\/p>\n<p>&nbsp;<\/p>\n","protected":false},"excerpt":{"rendered":"<p>Barcelone, 16 d\u00e9cembre 2021 &#8211;\u00a0Les groupes de travail th\u00e9matiques de l&#8217;Union pour la M\u00e9diterran\u00e9e (UpM) sur le transport terrestre (route, rail et transport urbain), a\u00e9rien et maritime, ainsi que sur la logistique de la plateforme r\u00e9gionale de l&#8217;UpM sur la connectivit\u00e9 des transports, se sont r\u00e9unis en ligne du 14 au 16 d\u00e9cembre 2021. Durant<br \/><a href=\"https:\/\/ufmsecretariat.org\/fr\/the-ufm-thematic-working-groups-on-transport-connectivity-lay-the-groundwork-for-the-upcoming-ufm-ministerial-conference-on-transport\/\" class=\"more\">Lire la suite<\/a><\/p>\n","protected":false},"author":43,"featured_media":78722,"comment_status":"open","ping_status":"open","sticky":false,"template":"","format":"standard","meta":{"footnotes":""},"categories":[92,85,39],"tags":[],"priority-area":[196],"class_list":["post-128448","post","type-post","status-publish","format-standard","has-post-thumbnail","hentry","category-actualites","category-actualites-phares","category-non-classifiee","priority-area-transport-urban-development-fr"],"_links":{"self":[{"href":"https:\/\/ufmsecretariat.org\/fr\/wp-json\/wp\/v2\/posts\/128448","targetHints":{"allow":["GET"]}}],"collection":[{"href":"https:\/\/ufmsecretariat.org\/fr\/wp-json\/wp\/v2\/posts"}],"about":[{"href":"https:\/\/ufmsecretariat.org\/fr\/wp-json\/wp\/v2\/types\/post"}],"author":[{"embeddable":true,"href":"https:\/\/ufmsecretariat.org\/fr\/wp-json\/wp\/v2\/users\/43"}],"replies":[{"embeddable":true,"href":"https:\/\/ufmsecretariat.org\/fr\/wp-json\/wp\/v2\/comments?post=128448"}],"version-history":[{"count":6,"href":"https:\/\/ufmsecretariat.org\/fr\/wp-json\/wp\/v2\/posts\/128448\/revisions"}],"predecessor-version":[{"id":129823,"href":"https:\/\/ufmsecretariat.org\/fr\/wp-json\/wp\/v2\/posts\/128448\/revisions\/129823"}],"wp:featuredmedia":[{"embeddable":true,"href":"https:\/\/ufmsecretariat.org\/fr\/wp-json\/wp\/v2\/media\/78722"}],"wp:attachment":[{"href":"https:\/\/ufmsecretariat.org\/fr\/wp-json\/wp\/v2\/media?parent=128448"}],"wp:term":[{"taxonomy":"category","embeddable":true,"href":"https:\/\/ufmsecretariat.org\/fr\/wp-json\/wp\/v2\/categories?post=128448"},{"taxonomy":"post_tag","embeddable":true,"href":"https:\/\/ufmsecretariat.org\/fr\/wp-json\/wp\/v2\/tags?post=128448"},{"taxonomy":"priority-area","embeddable":true,"href":"https:\/\/ufmsecretariat.org\/fr\/wp-json\/wp\/v2\/priority-area?post=128448"}],"curies":[{"name":"wp","href":"https:\/\/api.w.org\/{rel}","templated":true}]}}