
{"id":13865,"date":"2014-11-05T16:26:12","date_gmt":"2014-11-05T14:26:12","guid":{"rendered":"https:\/\/ufmsecretariat.org\/?p=13865"},"modified":"2014-11-03T16:33:05","modified_gmt":"2014-11-03T14:33:05","slug":"ufm-to-participate-in-the-8th-mediterranean-economic-week","status":"publish","type":"post","link":"https:\/\/ufmsecretariat.org\/fr\/ufm-to-participate-in-the-8th-mediterranean-economic-week\/","title":{"rendered":"L\u2019UpM participe \u00e0 la 8e \u00e9dition de la Semaine \u00c9conomique de la M\u00e9diterran\u00e9e"},"content":{"rendered":"<p><strong>Marseille, du 5 au 8\u00a0novembre\u00a02014<\/strong><\/p>\n<p>Le Secr\u00e9tariat de l\u2019Union pour la M\u00e9diterran\u00e9e participera \u00e0 la 8<sup>e<\/sup> \u00e9dition de la Semaine \u00c9conomique de la M\u00e9diterran\u00e9e, qui aura lieu du 5 au 8\u00a0novembre\u00a02014 \u00e0 la Villa M\u00e9diterran\u00e9e, \u00e0 Marseille.<\/p>\n<p>La Secr\u00e9taire g\u00e9n\u00e9rale adjointe de l\u2019UpM pour les affaires sociales et civiles, l\u2019ambassadrice Delphine Borione, ouvrira la s\u00e9ance \u00ab\u00a0Rendez-vous \u00c9conomiques de la M\u00e9diterran\u00e9e\u00a0\u00bb, qui doit avoir lieu le 8\u00a0novembre.<\/p>\n<p>La Semaine \u00c9conomique de la M\u00e9diterran\u00e9e est une initiative \u00e0 partenariat multiple visant \u00e0 discuter des questions \u00e9conomiques majeures en M\u00e9diterran\u00e9e et au Moyen-Orient. Il r\u00e9unit des acteurs de divers horizons, parmi lesquels des entrepreneurs, des chercheurs, des politiciens, des \u00e9conomistes, des \u00e9tudiants, des experts et des acteurs de la soci\u00e9t\u00e9 civile, \u00e0 Marseille. Elle vise \u00e0 fournir un lieu d\u2019\u00e9changes et de d\u00e9bats sur le d\u00e9veloppement \u00e9conomique de la r\u00e9gion\u00a0MENA.<\/p>\n<p>La mission du Secr\u00e9tariat de l\u2019Union pour la M\u00e9diterran\u00e9e consiste \u00e0 relever les nombreux d\u00e9fis auxquels est confront\u00e9e la r\u00e9gion euro-m\u00e9diterran\u00e9enne, notamment son d\u00e9veloppement \u00e9conomique, en renfor\u00e7ant la coop\u00e9ration r\u00e9gionale par la mise en \u0153uvre de projets sp\u00e9cifiques et d\u2019un dialogue politique.<\/p>\n<p>Pour plus d\u2019informations, cliquez ici\u00a0:<\/p>\n<p><a href=\"http:\/\/www.semaine-eco-med.com\">http:\/\/www.semaine-eco-med.com<\/a><\/p>\n","protected":false},"excerpt":{"rendered":"<p>Marseille, du 5 au 8\u00a0novembre\u00a02014 Le Secr\u00e9tariat de l\u2019Union pour la M\u00e9diterran\u00e9e participera \u00e0 la 8e \u00e9dition de la Semaine \u00c9conomique de la M\u00e9diterran\u00e9e, qui aura lieu du 5 au 8\u00a0novembre\u00a02014 \u00e0 la Villa M\u00e9diterran\u00e9e, \u00e0 Marseille. La Secr\u00e9taire g\u00e9n\u00e9rale adjointe de l\u2019UpM pour les affaires sociales et civiles, l\u2019ambassadrice Delphine Borione, ouvrira la s\u00e9ance<br \/><a href=\"https:\/\/ufmsecretariat.org\/fr\/ufm-to-participate-in-the-8th-mediterranean-economic-week\/\" class=\"more\">Lire la suite<\/a><\/p>\n","protected":false},"author":3,"featured_media":13869,"comment_status":"open","ping_status":"open","sticky":false,"template":"","format":"standard","meta":{"footnotes":""},"categories":[83,162,39],"tags":[],"priority-area":[205],"class_list":["post-13865","post","type-post","status-publish","format-standard","has-post-thumbnail","hentry","category-affaires-civiles-sociales","category-evenements","category-non-classifiee","priority-area-social-civil-affairs-fr"],"_links":{"self":[{"href":"https:\/\/ufmsecretariat.org\/fr\/wp-json\/wp\/v2\/posts\/13865","targetHints":{"allow":["GET"]}}],"collection":[{"href":"https:\/\/ufmsecretariat.org\/fr\/wp-json\/wp\/v2\/posts"}],"about":[{"href":"https:\/\/ufmsecretariat.org\/fr\/wp-json\/wp\/v2\/types\/post"}],"author":[{"embeddable":true,"href":"https:\/\/ufmsecretariat.org\/fr\/wp-json\/wp\/v2\/users\/3"}],"replies":[{"embeddable":true,"href":"https:\/\/ufmsecretariat.org\/fr\/wp-json\/wp\/v2\/comments?post=13865"}],"version-history":[{"count":3,"href":"https:\/\/ufmsecretariat.org\/fr\/wp-json\/wp\/v2\/posts\/13865\/revisions"}],"predecessor-version":[{"id":13871,"href":"https:\/\/ufmsecretariat.org\/fr\/wp-json\/wp\/v2\/posts\/13865\/revisions\/13871"}],"wp:featuredmedia":[{"embeddable":true,"href":"https:\/\/ufmsecretariat.org\/fr\/wp-json\/wp\/v2\/media\/13869"}],"wp:attachment":[{"href":"https:\/\/ufmsecretariat.org\/fr\/wp-json\/wp\/v2\/media?parent=13865"}],"wp:term":[{"taxonomy":"category","embeddable":true,"href":"https:\/\/ufmsecretariat.org\/fr\/wp-json\/wp\/v2\/categories?post=13865"},{"taxonomy":"post_tag","embeddable":true,"href":"https:\/\/ufmsecretariat.org\/fr\/wp-json\/wp\/v2\/tags?post=13865"},{"taxonomy":"priority-area","embeddable":true,"href":"https:\/\/ufmsecretariat.org\/fr\/wp-json\/wp\/v2\/priority-area?post=13865"}],"curies":[{"name":"wp","href":"https:\/\/api.w.org\/{rel}","templated":true}]}}