
{"id":14013,"date":"2014-11-06T19:09:42","date_gmt":"2014-11-06T17:09:42","guid":{"rendered":"https:\/\/ufmsecretariat.org\/?p=14013"},"modified":"2014-11-07T14:56:44","modified_gmt":"2014-11-07T13:56:44","slug":"ufm-participates-in-the-first-medreg-forum","status":"publish","type":"post","link":"https:\/\/ufmsecretariat.org\/fr\/ufm-participates-in-the-first-medreg-forum\/","title":{"rendered":"L\u2019UpM participe au premier Forum MEDREG"},"content":{"rendered":"<p><strong>Barcelone, le 26\u00a0novembre\u00a02014<\/strong><\/p>\n<p>Le Secr\u00e9tariat de l\u2019Union pour la M\u00e9diterran\u00e9e participera au premier Forum m\u00e9diterran\u00e9en sur la r\u00e9gulation de l\u2019\u00e9nergie (Forum\u00a0MEDREG), ax\u00e9 sur le th\u00e8me \u00ab\u00a0R\u00e8glements et investissements\u00a0: des solutions pour la r\u00e9gion de la Mediterran\u00e9e\u00a0\u00bb, qui aura lieu le 26\u00a0novembre\u00a02014 \u00e0 Barcelone en Espagne.<\/p>\n<p>Dans ce cadre, la Secr\u00e9taire g\u00e9n\u00e9rale adjointe pour l\u2019\u00c9nergie de l\u2019UpM, Mme Teresa Ribeiro, prononcera un discours lors de la table ronde de cl\u00f4ture.<\/p>\n<p>Le Forum MEDREG est la seule association repr\u00e9sentant des autorit\u00e9s publiques ind\u00e9pendantes dans le secteur du gaz et de l\u2019\u00e9lectricit\u00e9. Ce Forum sera l\u2019occasion d\u2019analyser la mani\u00e8re actuelle d&#8217;envisager le rapport entre la r\u00e9glementation de l&#8217;\u00e9nergie et les investissements et d\u2019identifier les principaux d\u00e9fis et risques pour voir comment ils peuvent \u00eatre trait\u00e9s \u00e0 la fois au niveau r\u00e9gional et sous-r\u00e9gional. Les r\u00e9sultats escompt\u00e9s sont des propositions concr\u00e8tes et pratiques pour la r\u00e9glementation de l&#8217;\u00e9nergie en M\u00e9diterran\u00e9e.<\/p>\n<p>La mission du Secr\u00e9tariat de l\u2019UpM consiste \u00e0 relever les nombreux d\u00e9fis auxquels est confront\u00e9e la r\u00e9gion euro-m\u00e9diterran\u00e9enne, notamment son secteur de l\u2019\u00e9nergie, \u00e0 travers la mise en \u0153uvre de projets sp\u00e9cifiques et d\u2019un dialogue politique visant \u00e0 renforcer la coop\u00e9ration r\u00e9gionale.<\/p>\n<p>Pour plus d\u2019informations, cliquez ici\u00a0: <a href=\"http:\/\/www.medreg-regulators.org\/MEDREGForum.aspx\">http:\/\/www.medreg-regulators.org\/MEDREGForum.aspx<\/a><\/p>\n<p>&nbsp;<\/p>\n","protected":false},"excerpt":{"rendered":"<p>Barcelone, le 26\u00a0novembre\u00a02014 Le Secr\u00e9tariat de l\u2019Union pour la M\u00e9diterran\u00e9e participera au premier Forum m\u00e9diterran\u00e9en sur la r\u00e9gulation de l\u2019\u00e9nergie (Forum\u00a0MEDREG), ax\u00e9 sur le th\u00e8me \u00ab\u00a0R\u00e8glements et investissements\u00a0: des solutions pour la r\u00e9gion de la Mediterran\u00e9e\u00a0\u00bb, qui aura lieu le 26\u00a0novembre\u00a02014 \u00e0 Barcelone en Espagne. Dans ce cadre, la Secr\u00e9taire g\u00e9n\u00e9rale adjointe pour l\u2019\u00c9nergie de<br \/><a href=\"https:\/\/ufmsecretariat.org\/fr\/ufm-participates-in-the-first-medreg-forum\/\" class=\"more\">Lire la suite<\/a><\/p>\n","protected":false},"author":3,"featured_media":14035,"comment_status":"open","ping_status":"open","sticky":false,"template":"","format":"standard","meta":{"footnotes":""},"categories":[78,162],"tags":[],"priority-area":[198],"class_list":["post-14013","post","type-post","status-publish","format-standard","has-post-thumbnail","hentry","category-energieetactionpourleclimat","category-evenements","priority-area-energy-climate-action-fr"],"_links":{"self":[{"href":"https:\/\/ufmsecretariat.org\/fr\/wp-json\/wp\/v2\/posts\/14013","targetHints":{"allow":["GET"]}}],"collection":[{"href":"https:\/\/ufmsecretariat.org\/fr\/wp-json\/wp\/v2\/posts"}],"about":[{"href":"https:\/\/ufmsecretariat.org\/fr\/wp-json\/wp\/v2\/types\/post"}],"author":[{"embeddable":true,"href":"https:\/\/ufmsecretariat.org\/fr\/wp-json\/wp\/v2\/users\/3"}],"replies":[{"embeddable":true,"href":"https:\/\/ufmsecretariat.org\/fr\/wp-json\/wp\/v2\/comments?post=14013"}],"version-history":[{"count":3,"href":"https:\/\/ufmsecretariat.org\/fr\/wp-json\/wp\/v2\/posts\/14013\/revisions"}],"predecessor-version":[{"id":14019,"href":"https:\/\/ufmsecretariat.org\/fr\/wp-json\/wp\/v2\/posts\/14013\/revisions\/14019"}],"wp:featuredmedia":[{"embeddable":true,"href":"https:\/\/ufmsecretariat.org\/fr\/wp-json\/wp\/v2\/media\/14035"}],"wp:attachment":[{"href":"https:\/\/ufmsecretariat.org\/fr\/wp-json\/wp\/v2\/media?parent=14013"}],"wp:term":[{"taxonomy":"category","embeddable":true,"href":"https:\/\/ufmsecretariat.org\/fr\/wp-json\/wp\/v2\/categories?post=14013"},{"taxonomy":"post_tag","embeddable":true,"href":"https:\/\/ufmsecretariat.org\/fr\/wp-json\/wp\/v2\/tags?post=14013"},{"taxonomy":"priority-area","embeddable":true,"href":"https:\/\/ufmsecretariat.org\/fr\/wp-json\/wp\/v2\/priority-area?post=14013"}],"curies":[{"name":"wp","href":"https:\/\/api.w.org\/{rel}","templated":true}]}}