
{"id":14315,"date":"2014-12-04T09:57:03","date_gmt":"2014-12-04T08:57:03","guid":{"rendered":"https:\/\/ufmsecretariat.org\/?p=14315"},"modified":"2014-12-01T09:58:41","modified_gmt":"2014-12-01T08:58:41","slug":"cooperation-mediterraneenne-sur-les-changements-climatiques-union-pour-la-mediterranee","status":"publish","type":"post","link":"https:\/\/ufmsecretariat.org\/fr\/cooperation-mediterraneenne-sur-les-changements-climatiques-union-pour-la-mediterranee\/","title":{"rendered":"Coop\u00e9ration m\u00e9diterran\u00e9enne sur les changements climatiques\u00a0: Union pour la M\u00e9diterran\u00e9e"},"content":{"rendered":"<p>&nbsp;<\/p>\n<p><strong>Lima, le 4 d\u00e9cembre\u00a02014\u00a0<\/strong><\/p>\n<p>Organis\u00e9 par la Commission europ\u00e9enne (DG Action pour le climat) et le Secr\u00e9tariat de l&#8217;Union pour la M\u00e9diterran\u00e9e, l&#8217;\u00e9v\u00e9nement \u00ab\u00a0Coop\u00e9ration m\u00e9diterran\u00e9enne sur les changements climatiques\u00a0: Union pour la M\u00e9diterran\u00e9e\u00a0\u00bb se tiendra en marge de la 20e r\u00e9union de la Conf\u00e9rence des Parties \u00e0 la Convention-cadre des Nations Unies sur les changements climatiques (CCNUCC), au Pavillon de l&#8217;Union europ\u00e9enne, \u00e0 Lima, au P\u00e9rou.<\/p>\n<p>Parmi les intervenants\u00a0:<\/p>\n<ul>\n<li>Mme Elina BARDRAM, Chef adjointe de la d\u00e9l\u00e9gation de l\u2019UE, DG Action pour le climat de la Commission europ\u00e9enne (\u00e0 confirmer)\u00a0;<\/li>\n<li>Mme Teresa RIBEIRO, Secr\u00e9taire g\u00e9n\u00e9rale adjointe pour l&#8217;Energie du Secr\u00e9tariat de l&#8217;Union pour la M\u00e9diterran\u00e9e\u00a0;<\/li>\n<li>M. Nbou MOHAMED, Directeur des \u00c9tudes, de la Planification et de la Prospective du minist\u00e8re de l&#8217;Environnement du Maroc\u00a0;<\/li>\n<li>M. Imed FADHEL, Directeur du point focal national de la CCNUCC, Tunisie\u00a0;<\/li>\n<li>Minist\u00e8re de l&#8217;Environnement et de l\u2019Urbanisation de Turquie (conf\u00e9rencier \u00e0 confirmer).<\/li>\n<\/ul>\n<p>L&#8217;\u00e9v\u00e9nement pr\u00e9sentera la mani\u00e8re dont plusieurs programmes, initiatives et structures concern\u00e9s, formant un syst\u00e8me complexe, peuvent \u00eatre rassembl\u00e9s afin de cr\u00e9er des synergies, tout en comprenant des parties prenantes, le secteur priv\u00e9 et diff\u00e9rents niveaux de gouvernance. Concr\u00e8tement, les interventions se concentreront sur la coop\u00e9ration \u00e9tablie au sein du Groupe d&#8217;experts de l&#8217;UpM sur le changement climatique, c\u2019est-\u00e0-dire sur le programme de travail convenu et sa pertinence \u00e0 la table des n\u00e9gociations internationales sur le changement climatique. L\u2019\u00e9v\u00e9nement pr\u00e9sentera les r\u00e9sultats de la premi\u00e8re r\u00e9union du groupe, ainsi que des initiatives existantes et pr\u00e9vues visant \u00e0 am\u00e9liorer la coop\u00e9ration r\u00e9gionale concernant le changement climatique dans la r\u00e9gion, en ligne avec les priorit\u00e9s identifi\u00e9es par les \u00c9tats membres de l&#8217;Union pour la M\u00e9diterran\u00e9e.<\/p>\n<p>De plus, le Maroc, la Tunisie et la Turquie pr\u00e9senteront leurs strat\u00e9gies et activit\u00e9s en cours au niveau national concernant le changement climatique. Leurs pr\u00e9sentations fourniront l&#8217;opportunit\u00e9 de mettre l&#8217;accent sur le potentiel d&#8217;\u00e9largissement de l&#8217;action pour le climat \u00e0 d&#8217;autres pays de la r\u00e9gion, suivant les principes de g\u00e9om\u00e9trie variable, de partenariat et de non-exclusion.<\/p>\n<p>Apr\u00e8s l&#8217;\u00e9v\u00e9nement, un cocktail sera offert aux participants.<\/p>\n","protected":false},"excerpt":{"rendered":"<p>&nbsp; Lima, le 4 d\u00e9cembre\u00a02014\u00a0 Organis\u00e9 par la Commission europ\u00e9enne (DG Action pour le climat) et le Secr\u00e9tariat de l&#8217;Union pour la M\u00e9diterran\u00e9e, l&#8217;\u00e9v\u00e9nement \u00ab\u00a0Coop\u00e9ration m\u00e9diterran\u00e9enne sur les changements climatiques\u00a0: Union pour la M\u00e9diterran\u00e9e\u00a0\u00bb se tiendra en marge de la 20e r\u00e9union de la Conf\u00e9rence des Parties \u00e0 la Convention-cadre des Nations Unies sur les<br \/><a href=\"https:\/\/ufmsecretariat.org\/fr\/cooperation-mediterraneenne-sur-les-changements-climatiques-union-pour-la-mediterranee\/\" class=\"more\">Lire la suite<\/a><\/p>\n","protected":false},"author":3,"featured_media":0,"comment_status":"open","ping_status":"open","sticky":false,"template":"","format":"standard","meta":{"footnotes":""},"categories":[78,162,39],"tags":[],"priority-area":[],"class_list":["post-14315","post","type-post","status-publish","format-standard","hentry","category-energieetactionpourleclimat","category-evenements","category-non-classifiee"],"_links":{"self":[{"href":"https:\/\/ufmsecretariat.org\/fr\/wp-json\/wp\/v2\/posts\/14315","targetHints":{"allow":["GET"]}}],"collection":[{"href":"https:\/\/ufmsecretariat.org\/fr\/wp-json\/wp\/v2\/posts"}],"about":[{"href":"https:\/\/ufmsecretariat.org\/fr\/wp-json\/wp\/v2\/types\/post"}],"author":[{"embeddable":true,"href":"https:\/\/ufmsecretariat.org\/fr\/wp-json\/wp\/v2\/users\/3"}],"replies":[{"embeddable":true,"href":"https:\/\/ufmsecretariat.org\/fr\/wp-json\/wp\/v2\/comments?post=14315"}],"version-history":[{"count":1,"href":"https:\/\/ufmsecretariat.org\/fr\/wp-json\/wp\/v2\/posts\/14315\/revisions"}],"predecessor-version":[{"id":14355,"href":"https:\/\/ufmsecretariat.org\/fr\/wp-json\/wp\/v2\/posts\/14315\/revisions\/14355"}],"wp:attachment":[{"href":"https:\/\/ufmsecretariat.org\/fr\/wp-json\/wp\/v2\/media?parent=14315"}],"wp:term":[{"taxonomy":"category","embeddable":true,"href":"https:\/\/ufmsecretariat.org\/fr\/wp-json\/wp\/v2\/categories?post=14315"},{"taxonomy":"post_tag","embeddable":true,"href":"https:\/\/ufmsecretariat.org\/fr\/wp-json\/wp\/v2\/tags?post=14315"},{"taxonomy":"priority-area","embeddable":true,"href":"https:\/\/ufmsecretariat.org\/fr\/wp-json\/wp\/v2\/priority-area?post=14315"}],"curies":[{"name":"wp","href":"https:\/\/api.w.org\/{rel}","templated":true}]}}