
{"id":152621,"date":"2023-07-16T16:11:14","date_gmt":"2023-07-16T15:11:14","guid":{"rendered":"https:\/\/ufmsecretariat.org\/\/?p=152621"},"modified":"2023-09-27T10:50:40","modified_gmt":"2023-09-27T09:50:40","slug":"ufm-15-years","status":"publish","type":"post","link":"https:\/\/ufmsecretariat.org\/fr\/ufm-15-years\/","title":{"rendered":"L&#8217;UpM c\u00e9l\u00e8bre son 15\u00e8me anniversaire en appelant \u00e0 un nouvel \u00e9lan de coop\u00e9ration r\u00e9gionale"},"content":{"rendered":"<ul>\n<li><strong>Le 15e anniversaire de l&#8217;Union pour la M\u00e9diterran\u00e9e (UpM) est l&#8217;occasion id\u00e9ale de dresser le bilan de ce qui a \u00e9t\u00e9 accompli jusqu&#8217;\u00e0 pr\u00e9sent et de r\u00e9fl\u00e9chir aux d\u00e9fis auxquels la r\u00e9gion sera confront\u00e9e dans les ann\u00e9es \u00e0 venir.<\/strong><\/li>\n<li><strong>Les ministres des Affaires \u00e9trang\u00e8res des \u00c9tats membres de l&#8217;UpM se r\u00e9uniront le 27 novembre \u00e0 Barcelone pour engager ces discussions et explorer les perspectives d&#8217;avenir de l&#8217;organisation.<\/strong><\/li>\n<li><strong>Malgr\u00e9 un contexte r\u00e9gional et international turbulent au cours des 15 derni\u00e8res ann\u00e9es, l&#8217;UpM s&#8217;est efforc\u00e9e de favoriser les \u00e9changes et la connectivit\u00e9, de promouvoir le d\u00e9veloppement et de cr\u00e9er un espace de dialogue \u00e0 travers la M\u00e9diterran\u00e9e sur des questions qui nous concernent tous.<\/strong><\/li>\n<\/ul>\n<p>Juillet 2023 marque une \u00e9tape importante pour l&#8217;Union pour la M\u00e9diterran\u00e9e (UpM), qui c\u00e9l\u00e8bre son 15e anniversaire. Cr\u00e9\u00e9e en 2008 sur la base des valeurs et des r\u00e9alisations du processus de Barcelone, l&#8217;UpM est n\u00e9e des efforts collectifs des dirigeants de l&#8217;Union europ\u00e9enne et des pays des rives Sud et Est de la M\u00e9diterran\u00e9e. Elle est devenue depuis un cadre institutionnel essentiel pour le dialogue et la coop\u00e9ration dans la r\u00e9gion. Au cours des quinze derni\u00e8res ann\u00e9es, l&#8217;UpM s&#8217;est efforc\u00e9e de promouvoir un d\u00e9veloppement r\u00e9gional durable et inclusif, d&#8217;encourager le dialogue et de relever les d\u00e9fis r\u00e9gionaux les plus pressants.<\/p>\n<p>Depuis sa cr\u00e9ation, l&#8217;UpM a entrepris une s\u00e9rie d&#8217;initiatives visant \u00e0 promouvoir le d\u00e9veloppement durable et l&#8217;int\u00e9gration au niveau r\u00e9gional. L&#8217;organisation a d\u00e9fendu les droits des femmes, la cr\u00e9ation d&#8217;emplois, le renforcement des efforts de connectivit\u00e9 entre les pays et s&#8217;est attaqu\u00e9e aux urgences environnementales et climatiques. Gr\u00e2ce \u00e0 son engagement en faveur d&#8217;une prise de d\u00e9cision fond\u00e9e sur des donn\u00e9es probantes, l&#8217;UpM a jou\u00e9 un r\u00f4le crucial en dotant les d\u00e9cideurs politiques des outils n\u00e9cessaires pour promouvoir l&#8217;action climatique dans la r\u00e9gion.<\/p>\n<p>L&#8217;UpM a \u00e9galement donn\u00e9 la priorit\u00e9 aux programmes de subventions et aux programmes visant \u00e0 encourager l&#8217;esprit d&#8217;entreprise et les opportunit\u00e9s d&#8217;emploi pour les jeunes, reconnaissant ainsi leur r\u00f4le crucial dans le fa\u00e7onnement de l&#8217;avenir de la r\u00e9gion. En outre, l&#8217;organisation travaille sur un instrument unique visant \u00e0 acc\u00e9l\u00e9rer les investissements dans l&#8217;\u00e9conomie bleue et sur la mise en place d&#8217;un instrument r\u00e9gional pour la protection civile. S&#8217;appuyant sur la richesse culturelle de la r\u00e9gion euro-m\u00e9diterran\u00e9enne, l&#8217;UpM a lanc\u00e9, en collaboration avec la Fondation Anna Lindh pour le dialogue entre les cultures, de nouvelles initiatives visant \u00e0 c\u00e9l\u00e9brer la diversit\u00e9, \u00e0 promouvoir le dialogue et \u00e0 cultiver la compr\u00e9hension mutuelle.<\/p>\n<p>\u00c0 ce jour,\u00a0<strong>l&#8217;UpM totalise plus de 60 programmes de coop\u00e9ration \u00e0 l&#8217;\u00e9chelle r\u00e9gionale, qui sont le fruit des agendas adopt\u00e9s par les pays de l&#8217;UpM lors de plus de 30 r\u00e9unions minist\u00e9rielles<\/strong>. Les projets et initiatives soutenus par l&#8217;UpM s&#8217;alignent sur les priorit\u00e9s r\u00e9gionales fix\u00e9es par les ministres sectoriels et sont d\u00e9velopp\u00e9s au sein de diverses plateformes r\u00e9gionales, cr\u00e9ant ainsi un cadre de coop\u00e9ration unique dans la r\u00e9gion.<\/p>\n<p>\u00c0 l&#8217;occasion du 15e anniversaire, la copr\u00e9sidence de l&#8217;UpM et ses \u00c9tats membres ont entam\u00e9 une r\u00e9flexion globale sur les actions de l&#8217;organisation au cours des 15 derni\u00e8res ann\u00e9es. L&#8217;objectif est d&#8217;identifier les am\u00e9liorations possibles, de renforcer l&#8217;UpM et d&#8217;accro\u00eetre sa capacit\u00e9 \u00e0 promouvoir des initiatives et des projets \u00e0 plus grande \u00e9chelle. Cette introspection permettra \u00e0 l&#8217;UpM de rester \u00e0 la pointe de la coop\u00e9ration r\u00e9gionale et d&#8217;\u00eatre mieux arm\u00e9e pour relever les d\u00e9fis \u00e0 venir.<\/p>\n<p>Le point culminant de ces discussions aura lieu lors du prochain\u00a0<strong>Forum r\u00e9gional de l&#8217;Union pour la M\u00e9diterran\u00e9e, une r\u00e9union annuelle des ministres des Affaires \u00e9trang\u00e8res des \u00c9tats membres de l&#8217;UpM. Le Forum devrait se tenir le 27 novembre<\/strong>\u00a0\u00e0 Barcelone. Forte du succ\u00e8s des sept \u00e9ditions pr\u00e9c\u00e9dentes, la huiti\u00e8me \u00e9dition du forum offrira une occasion opportune de passer en revue les r\u00e9alisations \u00e0 ce jour et de discuter de la voie \u00e0 suivre pour favoriser un d\u00e9veloppement inclusif et durable dans la r\u00e9gion euro-m\u00e9diterran\u00e9enne.<\/p>\n<p>L&#8217;UpM est fermement convaincue que l&#8217;avenir imm\u00e9diat de la r\u00e9gion exige une action collective, l&#8217;unit\u00e9 et la coop\u00e9ration r\u00e9gionale. En tant que plateforme r\u00e9unissant diverses parties prenantes, l&#8217;UpM continuera \u00e0 favoriser le dialogue et \u00e0 \u00e9tablir un consensus sur les questions n\u00e9cessitant une coordination au niveau r\u00e9gional.<\/p>\n<p><strong>Plus d&#8217;informations<\/strong><br \/>\nLe site web de l&#8217;anniversaire pr\u00e9sente des exemples concrets de coop\u00e9ration r\u00e9ussie au sein de l&#8217;UpM :<br \/>\n<a href=\"https:\/\/ufmsecretariat.org\/\/fr\/15-years\/\" target=\"_blank\" rel=\"noopener\">Union pour la M\u00e9diterran\u00e9e : 15 ans de coop\u00e9ration r\u00e9gionale<\/a><\/p>\n","protected":false},"excerpt":{"rendered":"<p>Le 15e anniversaire de l&#8217;Union pour la M\u00e9diterran\u00e9e (UpM) est l&#8217;occasion id\u00e9ale de dresser le bilan de ce qui a \u00e9t\u00e9 accompli jusqu&#8217;\u00e0 pr\u00e9sent et de r\u00e9fl\u00e9chir aux d\u00e9fis auxquels la r\u00e9gion sera confront\u00e9e dans les ann\u00e9es \u00e0 venir. Les ministres des Affaires \u00e9trang\u00e8res des \u00c9tats membres de l&#8217;UpM se r\u00e9uniront le 27 novembre \u00e0<br \/><a href=\"https:\/\/ufmsecretariat.org\/fr\/ufm-15-years\/\" class=\"more\">Lire la suite<\/a><\/p>\n","protected":false},"author":38,"featured_media":152238,"comment_status":"open","ping_status":"open","sticky":false,"template":"","format":"standard","meta":{"footnotes":""},"categories":[92,85],"tags":[],"priority-area":[18246],"class_list":["post-152621","post","type-post","status-publish","format-standard","has-post-thumbnail","hentry","category-actualites","category-actualites-phares","priority-area-institutional-fr"],"_links":{"self":[{"href":"https:\/\/ufmsecretariat.org\/fr\/wp-json\/wp\/v2\/posts\/152621","targetHints":{"allow":["GET"]}}],"collection":[{"href":"https:\/\/ufmsecretariat.org\/fr\/wp-json\/wp\/v2\/posts"}],"about":[{"href":"https:\/\/ufmsecretariat.org\/fr\/wp-json\/wp\/v2\/types\/post"}],"author":[{"embeddable":true,"href":"https:\/\/ufmsecretariat.org\/fr\/wp-json\/wp\/v2\/users\/38"}],"replies":[{"embeddable":true,"href":"https:\/\/ufmsecretariat.org\/fr\/wp-json\/wp\/v2\/comments?post=152621"}],"version-history":[{"count":2,"href":"https:\/\/ufmsecretariat.org\/fr\/wp-json\/wp\/v2\/posts\/152621\/revisions"}],"predecessor-version":[{"id":152624,"href":"https:\/\/ufmsecretariat.org\/fr\/wp-json\/wp\/v2\/posts\/152621\/revisions\/152624"}],"wp:featuredmedia":[{"embeddable":true,"href":"https:\/\/ufmsecretariat.org\/fr\/wp-json\/wp\/v2\/media\/152238"}],"wp:attachment":[{"href":"https:\/\/ufmsecretariat.org\/fr\/wp-json\/wp\/v2\/media?parent=152621"}],"wp:term":[{"taxonomy":"category","embeddable":true,"href":"https:\/\/ufmsecretariat.org\/fr\/wp-json\/wp\/v2\/categories?post=152621"},{"taxonomy":"post_tag","embeddable":true,"href":"https:\/\/ufmsecretariat.org\/fr\/wp-json\/wp\/v2\/tags?post=152621"},{"taxonomy":"priority-area","embeddable":true,"href":"https:\/\/ufmsecretariat.org\/fr\/wp-json\/wp\/v2\/priority-area?post=152621"}],"curies":[{"name":"wp","href":"https:\/\/api.w.org\/{rel}","templated":true}]}}