
{"id":157986,"date":"2023-12-02T15:43:15","date_gmt":"2023-12-02T14:43:15","guid":{"rendered":"https:\/\/ufmsecretariat.org\/?p=157986"},"modified":"2023-12-04T15:07:12","modified_gmt":"2023-12-04T14:07:12","slug":"blue-mediterranean-partnership-cop28","status":"publish","type":"post","link":"https:\/\/ufmsecretariat.org\/fr\/blue-mediterranean-partnership-cop28\/","title":{"rendered":"Le Blue Mediterranean Partnership  intensifie son soutien pour une  \u00e9conomie bleue durable"},"content":{"rendered":"<p><strong>La BERD, la BEI, l&#8217;UpM, la CE, l&#8217;AFD, la CDP, la KfW, les donateurs et les pays b\u00e9n\u00e9ficiaires signent un accord de coop\u00e9ration lors de la COP28<\/strong><\/p>\n<p><strong>\u2022 Le Blue Mediterranean Partnership vise \u00e0 soutenir la transition vers une \u00e9conomie bleue <\/strong><strong>durable dans la r\u00e9gion m\u00e9diterran\u00e9enne<\/strong><br \/>\n<strong>\u2022 Le partenariat sera op\u00e9rationnel \u00e0 partir de 2024<\/strong><br \/>\n<strong>\u2022 Les partenaires ont pour but de mobiliser au moins 1 milliard d&#8217;euros en investissements<\/strong><\/p>\n<p><span data-contrast=\"auto\">Lors de la <\/span><a href=\"https:\/\/www.cop28.com\/\"><span data-contrast=\"none\">COP28<\/span><\/a><span data-contrast=\"auto\">, les partenaires et donateurs impliqu\u00e9s dans le Blue Mediterranean Partnership ont renforc\u00e9 leur soutien au d\u00e9veloppement de l&#8217;\u00e9conomie bleue durable dans la r\u00e9gion du sud de la M\u00e9diterran\u00e9e. Les parties concern\u00e9es ont sign\u00e9 une d\u00e9claration d&#8217;intention visant \u00e0 officialiser leur participation \u00e0 ce partenariat qui deviendra op\u00e9rationnel au d\u00e9but de l&#8217;ann\u00e9e 2024.<\/span><\/p>\n<p><span data-contrast=\"auto\">Le Blue Mediterranean Partnership est destin\u00e9 \u00e0 lutter contre les menaces qui p\u00e8sent sur la mer M\u00e9diterran\u00e9e en coordonnant le financement de projets d&#8217;\u00e9conomie bleue dans les r\u00e9gions de la M\u00e9diterran\u00e9e et de la mer Rouge, en se concentrant dans un premier temps sur l&#8217;<\/span><a href=\"https:\/\/www.ebrd.com\/egypt.html\"><span data-contrast=\"none\">\u00c9gypte<\/span><\/a><span data-contrast=\"auto\">, la <\/span><a href=\"https:\/\/www.ebrd.com\/jordan.html\"><span data-contrast=\"none\">Jordanie<\/span><\/a><span data-contrast=\"auto\"> et le <\/span><a href=\"https:\/\/www.ebrd.com\/morocco.html\"><span data-contrast=\"none\">Maroc<\/span><\/a><span data-contrast=\"auto\">.<\/span><\/p>\n<p><span data-contrast=\"auto\">Par l&#8217;interm\u00e9diaire d&#8217;un nouveau fonds multidonateur g\u00e9r\u00e9 par la <\/span><a href=\"https:\/\/www.ebrd.com\/fr\/home\"><span data-contrast=\"none\">Banque europ\u00e9enne pour la Reconstruction et le D\u00e9veloppement<\/span><\/a><span data-contrast=\"auto\"> (BERD), le Blue Mediterranean Partnership cherche \u00e0 obtenir un financement suppl\u00e9mentaire de la part de donateurs souverains pour la pr\u00e9paration de projets et le financement mixte. Aujourd&#8217;hui \u00e0 Duba\u00ef, la <\/span><a href=\"https:\/\/commission.europa.eu\/index_fr\"><span data-contrast=\"none\">Commission europ\u00e9enne<\/span><\/a><span data-contrast=\"auto\"> a annonc\u00e9 une contribution de 1 million d&#8217;euros, l\u2019 <\/span><a href=\"https:\/\/www.sida.se\/en\"><span data-contrast=\"none\">Agence su\u00e9doise de coop\u00e9ration internationale au d\u00e9veloppement<\/span><\/a><span data-contrast=\"auto\"> (Sida) a vers\u00e9 75 millions de couronnes su\u00e9doises (6,5 millions d&#8217;euros) et l\u2019 <\/span><a href=\"https:\/\/www.afd.fr\/fr\"><span data-contrast=\"none\">Agence fran\u00e7aise de d\u00e9veloppement<\/span><\/a><span data-contrast=\"auto\"> (AFD) a contribu\u00e9 \u00e0 hauteur de 2 millions d&#8217;euros. Dans les mois \u00e0 venir, l&#8217;<\/span><a href=\"https:\/\/www.ebrd.com\/who-we-are\/structure-and-management\/shareholders\/germany.html\"><span data-contrast=\"none\">Allemagne<\/span><\/a><span data-contrast=\"auto\"> et l&#8217;<\/span><a href=\"https:\/\/www.ebrd.com\/who-we-are\/structure-and-management\/shareholders\/spain.html\"><span data-contrast=\"none\">Espagne<\/span><\/a><span data-contrast=\"auto\"> devraient \u00e9galement annoncer des dons, rejoints par d&#8217;autres donateurs.<\/span><span data-ccp-props=\"{&quot;201341983&quot;:0,&quot;335559739&quot;:0,&quot;335559740&quot;:240}\">\u00a0<\/span><\/p>\n<p><span data-contrast=\"auto\">Les institutions financi\u00e8res charg\u00e9es de la mise en \u0153uvre &#8211; la <\/span><a href=\"https:\/\/www.eib.org\/fr\/index\"><span data-contrast=\"none\">Banque europ\u00e9enne d&#8217;investissement<\/span><\/a><span data-contrast=\"auto\"> (BEI), l&#8217;AFD, le <\/span><a href=\"https:\/\/www.kfw.de\/kfw.de-2.html\"><span data-contrast=\"none\">Kreditanstalt f\u00fcr Wiederaufbau<\/span><\/a><span data-contrast=\"auto\"> (KfW), la <\/span><a href=\"https:\/\/www.cdp.it\/sitointernet\/en\/homepage.page\"><span data-contrast=\"none\">Cassa Depositi e Prestiti<\/span><\/a><span data-contrast=\"auto\"> (CDP) et la BERD &#8211; seront charg\u00e9es de la gestion des subventions obtenues par le fonds et fourniront des financements suppl\u00e9mentaires lorsque les projets arriveront \u00e0 maturit\u00e9. Les institutions mobiliseront \u00e9galement les ressources financi\u00e8res existantes fournies par la Commission europ\u00e9enne \u00e0 travers la <\/span><a href=\"https:\/\/neighbourhood-enlargement.ec.europa.eu\/neighbourhood-investment-platform_fr\"><span data-contrast=\"none\">Plateforme d&#8217;investissement pour le voisinage<\/span><\/a><span data-contrast=\"auto\"> et le <\/span><a href=\"https:\/\/international-partnerships.ec.europa.eu\/funding-and-technical-assistance\/funding-instruments\/european-fund-sustainable-development-plus-efsd_fr\"><span data-contrast=\"none\">Fonds europ\u00e9en pour le d\u00e9veloppement durable Plus<\/span><\/a><span data-contrast=\"auto\"> (FEDD+). <\/span><\/p>\n<p><span data-contrast=\"auto\">Enfin, les pays b\u00e9n\u00e9ficiaires (\u00c9gypte, Jordanie et Maroc) identifieront les projets strat\u00e9giques d&#8217;\u00e9conomie bleue sur leur territoire, tandis que l&#8217;<\/span><a href=\"https:\/\/ufmsecretariat.org\/fr\/\"><span data-contrast=\"none\">Union pour la M\u00e9diterran\u00e9e<\/span><\/a><span data-contrast=\"auto\"> (UpM) jouera le r\u00f4le de facilitateur du dialogue politique et r\u00e9glementaire.<\/span><\/p>\n<p><b><span data-contrast=\"auto\">Odile Renaud-Basso, pr\u00e9sidente de la BERD<\/span><\/b><span data-contrast=\"auto\">, a d\u00e9clar\u00e9 : \u00ab La r\u00e9gion m\u00e9diterran\u00e9enne a un potentiel \u00e9norme pour stimuler la croissance \u00e9conomique si elle est prot\u00e9g\u00e9e et d\u00e9velopp\u00e9e de mani\u00e8re durable. La BERD est fi\u00e8re de se voir confier le r\u00f4le de gestionnaire de fonds du Blue Mediterranean Partnership, et notre objectif est maintenant d&#8217;obtenir des r\u00e9sultats concrets. Le d\u00e9veloppement durable et la protection de l&#8217;environnement sont au c\u0153ur du mandat de la BERD, et nous partagerons notre exp\u00e9rience en termes d&#8217;impact gr\u00e2ce \u00e0 des partenariats environnementaux. Rien de tout cela ne serait possible sans le soutien de nos donateurs et de nos partenaires. Cette collaboration est d\u00e9terminante pour relever les d\u00e9fis qui se posent \u00e0 des millions de personnes dans la r\u00e9gion \u00bb.<\/span><span data-ccp-props=\"{&quot;201341983&quot;:0,&quot;335559739&quot;:0,&quot;335559740&quot;:240}\">\u00a0<\/span><\/p>\n<p><b><span data-contrast=\"auto\">Ambroise Fayolle, vice-pr\u00e9sident de la BEI<\/span><\/b><span data-contrast=\"auto\">, a d\u00e9clar\u00e9 \u00e0 cette occasion : \u00ab Nous sommes extr\u00eamement heureux que le Blue Mediterranean Partnership soit pr\u00eat \u00e0 \u00eatre op\u00e9rationnel. Cette initiative est un excellent exemple de notre engagement \u00e0 redonner aux oc\u00e9ans leur sant\u00e9 et \u00e0 favoriser la biodiversit\u00e9 et la r\u00e9silience des zones c\u00f4ti\u00e8res m\u00e9diterran\u00e9ennes face au changement climatique. Soutenir le bien-\u00eatre des communaut\u00e9s c\u00f4ti\u00e8res et investir dans l&#8217;\u00e9conomie bleue durable a du sens d&#8217;un point de vue \u00e9conomique et est \u00e9galement vital pour relever les d\u00e9fis mondiaux tels que la s\u00e9curit\u00e9 alimentaire, la protection de la nature et le changement climatique \u00bb.<\/span><span data-ccp-props=\"{&quot;201341983&quot;:0,&quot;335559739&quot;:0,&quot;335559740&quot;:240}\">\u00a0<\/span><\/p>\n<p><b><span data-contrast=\"auto\">Le secr\u00e9taire g\u00e9n\u00e9ral de l&#8217;UpM, Nasser Kamel<\/span><\/b><span data-contrast=\"auto\">, a d\u00e9clar\u00e9 : \u00ab La r\u00e9gion m\u00e9diterran\u00e9enne, qui jouit d&#8217;un littoral magnifique et d&#8217;\u00e9cosyst\u00e8mes diversifi\u00e9s, est particuli\u00e8rement vuln\u00e9rable face \u00e0 l&#8217;\u00e9l\u00e9vation du niveau de la mer, \u00e0 la p\u00e9nurie en eau et aux ph\u00e9nom\u00e8nes m\u00e9t\u00e9orologiques extr\u00eames. La signature du Blue Mediterranean Partnership est une \u00e9tape importante qui refl\u00e8te notre engagement commun \u00e0 travailler ensemble, \u00e0 mettre en commun les ressources et \u00e0 parvenir \u00e0 r\u00e9pondre \u00e0 l&#8217;urgence climatique en M\u00e9diterran\u00e9e \u00bb.\u00a0<\/span><span data-ccp-props=\"{&quot;201341983&quot;:0,&quot;335559739&quot;:0,&quot;335559740&quot;:240}\"><br \/>\n<\/span><\/p>\n<p><b><span data-contrast=\"auto\">Le commissaire europ\u00e9en \u00e0 l&#8217;environnement, aux oc\u00e9ans et \u00e0 la p\u00eache, Virginijus Sinkevi\u010dius<\/span><\/b><span data-contrast=\"auto\">, a d\u00e9clar\u00e9 : \u00ab Nous pla\u00e7ons l&#8217;\u00e9conomie bleue durable en t\u00eate des priorit\u00e9s dans l\u2019ensemble de la r\u00e9gion m\u00e9diterran\u00e9enne. Nous pensons que ce partenariat peut contribuer \u00e0 un avenir prosp\u00e8re pour les pays m\u00e9diterran\u00e9ens, afin que nos mers continuent de subvenir aux besoins des g\u00e9n\u00e9rations\u00a0<\/span><span data-contrast=\"auto\">futures \u00bb<\/span><span data-ccp-props=\"{&quot;201341983&quot;:0,&quot;335559739&quot;:0,&quot;335559740&quot;:240}\"><br \/>\n<\/span><\/p>\n<p><b><span data-contrast=\"auto\">Le directeur g\u00e9n\u00e9ral de la Sida, Jakob Granit<\/span><\/b><span data-contrast=\"auto\">, a d\u00e9clar\u00e9 : \u00ab Permettre des investissements dans les infrastructures de traitement des eaux us\u00e9es, les \u00e9nergies marines renouvelables et la navigation durable qui prot\u00e8gent les ressources marines et cr\u00e9ent des emplois indispensables est directement en ligne avec les priorit\u00e9s de d\u00e9veloppement de la Su\u00e8de pour la r\u00e9gion du Moyen-Orient et de l&#8217;Afrique du Nord. Le soutien de la Sida au Blue Mediterranean Partnership contribuera \u00e0 l&#8217;int\u00e9gration \u00e9conomique r\u00e9gionale et constituera un vecteur important de mobilisation des financements pour le climat au profit des zones c\u00f4ti\u00e8res vuln\u00e9rables \u00bb.<\/span><\/p>\n<p><b><span data-contrast=\"auto\">R\u00e9my Rioux, directeur g\u00e9n\u00e9ral de l&#8217;AFD<\/span><\/b><span data-contrast=\"auto\">, a d\u00e9clar\u00e9 : \u00ab La mer M\u00e9diterran\u00e9e est un berceau de civilisation, mais aussi un symbole des tensions r\u00e9sultant de l&#8217;urbanisation, de la surexploitation et du r\u00e9chauffement climatique. Nous avons la responsabilit\u00e9 commune de faire davantage pour la prot\u00e9ger et d&#8217;agir de mani\u00e8re plus coordonn\u00e9e, avec les bons outils financiers et \u00e0 la bonne \u00e9chelle. C&#8217;est pourquoi des partenariats comme le PBM sont si importants. La contribution de l&#8217;AFD au PBM est \u00e9galement l&#8217;un des exemples de l&#8217;engagement fort de la France dans l&#8217;\u00e9laboration d&#8217;un programme d&#8217;action pour les oc\u00e9ans en vue de la Conf\u00e9rence des Nations Unies sur l\u2019oc\u00e9ans (UNOC de son acronyme anglais) organis\u00e9e \u00e0 Nice en 2025 \u00bb.<\/span><\/p>\n<p><b><span data-contrast=\"auto\">Contexte<\/span><\/b><\/p>\n<p><span data-contrast=\"auto\">Le Blue Mediterranean Partnership a \u00e9t\u00e9 lanc\u00e9 en 2022 lors de la COP27 en \u00c9gypte et a d\u00e9j\u00e0 re\u00e7u un soutien politique fort de la part des pays b\u00e9n\u00e9ficiaires et des partenaires.<\/span><span data-ccp-props=\"{&quot;201341983&quot;:0,&quot;335559739&quot;:0,&quot;335559740&quot;:240}\">\u00a0<\/span><\/p>\n<p><span data-contrast=\"auto\">Le bassin m\u00e9diterran\u00e9en est un point chaud de la biodiversit\u00e9 marine reconnu et une ressource vitale pour les activit\u00e9s \u00e9conomiques de 480 millions de personnes vivant dans les 22 pays de la r\u00e9gion. Son \u00e9cosyst\u00e8me est menac\u00e9 par la perte et la d\u00e9gradation des habitats, la surp\u00eache, la pollution et le changement climatique.<\/span><span data-ccp-props=\"{&quot;201341983&quot;:0,&quot;335559739&quot;:0,&quot;335559740&quot;:240}\">\u00a0<\/span><\/p>\n<p><span data-contrast=\"auto\">Le partenariat vise \u00e0 rassembler les donateurs internationaux, les pays b\u00e9n\u00e9ficiaires, les institutions financi\u00e8res int\u00e9ress\u00e9es et les institutions philanthropiques afin de soutenir les r\u00e9formes politiques, d&#8217;attirer les fonds des donateurs et de mobiliser des financements publics et priv\u00e9s au profit de projets r\u00e9alis\u00e9s dans la r\u00e9gion.<\/span><\/p>\n<p><span data-contrast=\"auto\">Les principaux objectifs du partenariat consistent \u00e0 soutenir les investissements durables dans l&#8217;\u00e9conomie bleue qui mobilisent des financements publics et priv\u00e9s, \u00e0 renforcer les capacit\u00e9s en mati\u00e8re de pratiques durables et innovantes, de conception et de r\u00e9alisation de projets, ainsi que la cr\u00e9ation et le renforcement d&#8217;environnements favorables aux investissements durables dans l&#8217;\u00e9conomie bleue par le soutien et le d\u00e9veloppement de strat\u00e9gies, de politiques et de cadres r\u00e9glementaires.<\/span><\/p>\n<p><span data-contrast=\"auto\">Les domaines prioritaires du partenariat sont notamment la r\u00e9duction des d\u00e9chets plastiques, les investissements dans la r\u00e9silience des zones c\u00f4ti\u00e8res, le tourisme durable, le traitement des eaux us\u00e9es, l&#8217;\u00e9conomie circulaire et la biodiversit\u00e9 marine<\/span><\/p>\n","protected":false},"excerpt":{"rendered":"<p>La BERD, la BEI, l&#8217;UpM, la CE, l&#8217;AFD, la CDP, la KfW, les donateurs et les pays b\u00e9n\u00e9ficiaires signent un accord de coop\u00e9ration lors de la COP28 \u2022 Le Blue Mediterranean Partnership vise \u00e0 soutenir la transition vers une \u00e9conomie bleue durable dans la r\u00e9gion m\u00e9diterran\u00e9enne \u2022 Le partenariat sera op\u00e9rationnel \u00e0 partir de 2024<br \/><a href=\"https:\/\/ufmsecretariat.org\/fr\/blue-mediterranean-partnership-cop28\/\" class=\"more\">Lire la suite<\/a><\/p>\n","protected":false},"author":3,"featured_media":157992,"comment_status":"open","ping_status":"open","sticky":false,"template":"","format":"standard","meta":{"footnotes":""},"categories":[92,85,39],"tags":[],"priority-area":[201],"class_list":["post-157986","post","type-post","status-publish","format-standard","has-post-thumbnail","hentry","category-actualites","category-actualites-phares","category-non-classifiee","priority-area-water-environment-fr"],"_links":{"self":[{"href":"https:\/\/ufmsecretariat.org\/fr\/wp-json\/wp\/v2\/posts\/157986","targetHints":{"allow":["GET"]}}],"collection":[{"href":"https:\/\/ufmsecretariat.org\/fr\/wp-json\/wp\/v2\/posts"}],"about":[{"href":"https:\/\/ufmsecretariat.org\/fr\/wp-json\/wp\/v2\/types\/post"}],"author":[{"embeddable":true,"href":"https:\/\/ufmsecretariat.org\/fr\/wp-json\/wp\/v2\/users\/3"}],"replies":[{"embeddable":true,"href":"https:\/\/ufmsecretariat.org\/fr\/wp-json\/wp\/v2\/comments?post=157986"}],"version-history":[{"count":5,"href":"https:\/\/ufmsecretariat.org\/fr\/wp-json\/wp\/v2\/posts\/157986\/revisions"}],"predecessor-version":[{"id":158041,"href":"https:\/\/ufmsecretariat.org\/fr\/wp-json\/wp\/v2\/posts\/157986\/revisions\/158041"}],"wp:featuredmedia":[{"embeddable":true,"href":"https:\/\/ufmsecretariat.org\/fr\/wp-json\/wp\/v2\/media\/157992"}],"wp:attachment":[{"href":"https:\/\/ufmsecretariat.org\/fr\/wp-json\/wp\/v2\/media?parent=157986"}],"wp:term":[{"taxonomy":"category","embeddable":true,"href":"https:\/\/ufmsecretariat.org\/fr\/wp-json\/wp\/v2\/categories?post=157986"},{"taxonomy":"post_tag","embeddable":true,"href":"https:\/\/ufmsecretariat.org\/fr\/wp-json\/wp\/v2\/tags?post=157986"},{"taxonomy":"priority-area","embeddable":true,"href":"https:\/\/ufmsecretariat.org\/fr\/wp-json\/wp\/v2\/priority-area?post=157986"}],"curies":[{"name":"wp","href":"https:\/\/api.w.org\/{rel}","templated":true}]}}