
{"id":159764,"date":"2024-02-07T13:37:20","date_gmt":"2024-02-07T12:37:20","guid":{"rendered":"https:\/\/ufmsecretariat.org\/?p=159764"},"modified":"2024-02-19T11:55:13","modified_gmt":"2024-02-19T10:55:13","slug":"alexandria-tirana-2025-mediterranean-capitals-of-culture-and-dialogue","status":"publish","type":"post","link":"https:\/\/ufmsecretariat.org\/fr\/alexandria-tirana-2025-mediterranean-capitals-of-culture-and-dialogue\/","title":{"rendered":"Alexandrie et Tirana nomm\u00e9es Capitales m\u00e9diterran\u00e9ennes de la culture et du dialogue 2025"},"content":{"rendered":"<ul>\n<li><strong>Alexandrie et Tirana deviendront les toutes premi\u00e8res Capitales m\u00e9diterran\u00e9ennes de la culture et du dialogue en 2025. Cette initiative, coordonn\u00e9e par l&#8217;Union pour la M\u00e9diterran\u00e9e et la Fondation Anna Lindh, met \u00e0 l&#8217;honneur la diversit\u00e9 culturelle de la r\u00e9gion euro-m\u00e9diterran\u00e9enne tout en favorisant une meilleure compr\u00e9hension mutuelle et le dialogue entre ses habitants.<\/strong><\/li>\n<li><strong>Chaque ville accueillera tout au long de l&#8217;ann\u00e9e un programme d&#8217;activit\u00e9s, telles que des conf\u00e9rences, des \u00e9v\u00e9nements sportifs et des spectacles culturels, qui s&#8217;adressent \u00e0 la soci\u00e9t\u00e9 civile et comportent une dimension euro-m\u00e9diterran\u00e9enne. Les deux capitales m\u00e9diterran\u00e9ennes participeront \u00e9galement \u00e0 des \u00e9changes de collaboration.<\/strong><\/li>\n<li><strong>Une ville du nord de la M\u00e9diterran\u00e9e et une ville du sud de la M\u00e9diterran\u00e9e seront nomm\u00e9es chaque ann\u00e9e Capitales m\u00e9diterran\u00e9ennes de la culture et du dialogue. Les candidatures pour l&#8217;\u00e9dition 2026 sont ouvertes jusqu&#8217;au 7 juillet. <\/strong><\/li>\n<\/ul>\n<p><strong>Barcelone, 7 f\u00e9vrier.<\/strong> Alexandrie (\u00c9gypte) et Tirana (Albanie) seront les toutes premi\u00e8res <strong><a href=\"https:\/\/medculturecapital.com\/fr\/decouvrez-les-capitales-de-2025\" target=\"_blank\" rel=\"noopener\">Capitales m\u00e9diterran\u00e9ennes de la culture et du dialogue en 2025.<\/a><\/strong> Cette initiative, approuv\u00e9e par les 43 \u00c9tats membres de l&#8217;UpM, vise \u00e0 mettre \u00e0 l&#8217;honneur la diversit\u00e9 de la r\u00e9gion tout en favorisant la compr\u00e9hension mutuelle gr\u00e2ce \u00e0 un programme d&#8217;activit\u00e9s culturelles et \u00e9ducatives d&#8217;une dur\u00e9e d&#8217;un an dans chaque ville.<\/p>\n<p>Au c\u0153ur des Balkans et au carrefour des civilisations, Tirana t\u00e9moigne de la coexistence des cultures, des religions et des influences historiques \u00e0 travers la M\u00e9diterran\u00e9e, tandis qu&#8217;Alexandrie, connue comme la Perle de la M\u00e9diterran\u00e9e, a une longue histoire au service de la cr\u00e9ativit\u00e9 intellectuelle et culturelle. Ces villes s&#8217;efforcent de renforcer le dialogue interculturel, de promouvoir les valeurs de tol\u00e9rance et de respect et de cr\u00e9er des opportunit\u00e9s d&#8217;\u00e9changes culturels, et constituent par cons\u00e9quent des destinations id\u00e9ales pour le lancement de l&#8217;initiative.<\/p>\n<p>Le secr\u00e9taire g\u00e9n\u00e9ral de l&#8217;UpM, Nasser Kamel, a d\u00e9clar\u00e9 : \u00ab \u00c0 une \u00e9poque marqu\u00e9e par des politiques de division et des conflits tragiques, l&#8217;initiative des Capitales de la M\u00e9diterran\u00e9e d\u00e9montre que la culture a le pouvoir de cr\u00e9er des liens et de promouvoir le dialogue dont nous avons tant besoin. S&#8217;il est important de reconna\u00eetre les diff\u00e9rences qui nous rendent uniques, nous devons plus que jamais trouver la beaut\u00e9, la r\u00e9silience et la force dans notre identit\u00e9 commune en tant que citoyens du bassin m\u00e9diterran\u00e9en. La r\u00e9gion a un potentiel illimit\u00e9, mais ce n&#8217;est qu&#8217;ensemble que nous pourrons vraiment nous \u00e9panouir \u00bb.<\/p>\n<p>SAR Rym Ali, pr\u00e9sidente de la Fondation Anna Lindh, a ajout\u00e9 : \u00ab \u00c0 ce tournant important de l&#8217;histoire de notre r\u00e9gion euro-m\u00e9diterran\u00e9enne, nous sommes tr\u00e8s heureux d&#8217;annoncer que Tirana et Alexandrie seront les Capitales m\u00e9diterran\u00e9ennes de la culture et du dialogue en 2025. Il s&#8217;agit d&#8217;une \u00e9tape importante dans notre parcours vers la consolidation de la coop\u00e9ration euro-m\u00e9diterran\u00e9enne. F\u00e9licitations \u00e0 Tirana et \u00e0 Alexandrie pour avoir ouvert la voie dans cette entreprise cruciale en cette p\u00e9riode difficile \u00bb.<\/p>\n<p>Dans le cadre de cette initiative, chaque ann\u00e9e, deux villes du nord et du sud seront s\u00e9lectionn\u00e9es comme Capitales m\u00e9diterran\u00e9ennes de la culture et du dialogue. Les candidatures pour l&#8217;\u00e9dition 2026 sont ouvertes jusqu&#8217;au 7 juillet 2024. Plus d&#8217;informations sur l&#8217;appel \u00e0 candidatures sont disponibles <a href=\"https:\/\/medculturecapital.com\/\">ici<\/a>.<\/p>\n<p><strong>Contexte<\/strong><br \/>\nLa r\u00e9gion euro-m\u00e9diterran\u00e9enne s&#8217;enorgueillit d&#8217;un patrimoine riche et diversifi\u00e9, fa\u00e7onn\u00e9 par des si\u00e8cles d&#8217;\u00e9changes culturels. Creuset de langues, de traditions et de coutumes diverses, la r\u00e9gion partage un patrimoine et un profond sentiment d&#8217;identit\u00e9 et d&#8217;appartenance. C&#8217;est dans cet esprit que les 43 \u00c9tats membres de l&#8217;Union pour la M\u00e9diterran\u00e9e ont lanc\u00e9 l&#8217;initiative <a href=\"https:\/\/medculturecapital.com\/fr\/\" target=\"_blank\" rel=\"noopener\"><strong>\u00ab Capitales m\u00e9diterran\u00e9ennes de la culture et du dialogue \u00bb<\/strong><\/a> lors de leur 7\u00e8me Forum r\u00e9gional en novembre 2022.<\/p>\n<p>Bas\u00e9e sur l&#8217;appel des ministres de la Culture de la r\u00e9gion euro-m\u00e9diterran\u00e9enne le 17 juin 2022 \u00e0 Naples, ainsi que sur la recommandation de plus de 200 jeunes repr\u00e9sentants de la soci\u00e9t\u00e9 civile de plus de 20 pays le 7 f\u00e9vrier 2022 \u00e0 Marseille, cette initiative a \u00e9t\u00e9 con\u00e7ue pour promouvoir davantage la diversit\u00e9 et l&#8217;identit\u00e9 partag\u00e9e de la r\u00e9gion euro-m\u00e9diterran\u00e9enne et contribuer \u00e0 une meilleure compr\u00e9hension mutuelle de ses peuples.<\/p>\n<p><iframe loading=\"lazy\" title=\"YouTube video player\" src=\"https:\/\/www.youtube.com\/embed\/FSBNBeKG3bs?si=OjWlOujFdsmuci-q\" width=\"560\" height=\"315\" frameborder=\"0\" allowfullscreen=\"allowfullscreen\"><\/iframe><\/p>\n","protected":false},"excerpt":{"rendered":"<p>Alexandrie et Tirana deviendront les toutes premi\u00e8res Capitales m\u00e9diterran\u00e9ennes de la culture et du dialogue en 2025. Cette initiative, coordonn\u00e9e par l&#8217;Union pour la M\u00e9diterran\u00e9e et la Fondation Anna Lindh, met \u00e0 l&#8217;honneur la diversit\u00e9 culturelle de la r\u00e9gion euro-m\u00e9diterran\u00e9enne tout en favorisant une meilleure compr\u00e9hension mutuelle et le dialogue entre ses habitants. Chaque ville<br \/><a href=\"https:\/\/ufmsecretariat.org\/fr\/alexandria-tirana-2025-mediterranean-capitals-of-culture-and-dialogue\/\" class=\"more\">Lire la suite<\/a><\/p>\n","protected":false},"author":38,"featured_media":159767,"comment_status":"open","ping_status":"open","sticky":false,"template":"","format":"standard","meta":{"footnotes":""},"categories":[92,85],"tags":[],"priority-area":[18246],"class_list":["post-159764","post","type-post","status-publish","format-standard","has-post-thumbnail","hentry","category-actualites","category-actualites-phares","priority-area-institutional-fr"],"_links":{"self":[{"href":"https:\/\/ufmsecretariat.org\/fr\/wp-json\/wp\/v2\/posts\/159764","targetHints":{"allow":["GET"]}}],"collection":[{"href":"https:\/\/ufmsecretariat.org\/fr\/wp-json\/wp\/v2\/posts"}],"about":[{"href":"https:\/\/ufmsecretariat.org\/fr\/wp-json\/wp\/v2\/types\/post"}],"author":[{"embeddable":true,"href":"https:\/\/ufmsecretariat.org\/fr\/wp-json\/wp\/v2\/users\/38"}],"replies":[{"embeddable":true,"href":"https:\/\/ufmsecretariat.org\/fr\/wp-json\/wp\/v2\/comments?post=159764"}],"version-history":[{"count":4,"href":"https:\/\/ufmsecretariat.org\/fr\/wp-json\/wp\/v2\/posts\/159764\/revisions"}],"predecessor-version":[{"id":160088,"href":"https:\/\/ufmsecretariat.org\/fr\/wp-json\/wp\/v2\/posts\/159764\/revisions\/160088"}],"wp:featuredmedia":[{"embeddable":true,"href":"https:\/\/ufmsecretariat.org\/fr\/wp-json\/wp\/v2\/media\/159767"}],"wp:attachment":[{"href":"https:\/\/ufmsecretariat.org\/fr\/wp-json\/wp\/v2\/media?parent=159764"}],"wp:term":[{"taxonomy":"category","embeddable":true,"href":"https:\/\/ufmsecretariat.org\/fr\/wp-json\/wp\/v2\/categories?post=159764"},{"taxonomy":"post_tag","embeddable":true,"href":"https:\/\/ufmsecretariat.org\/fr\/wp-json\/wp\/v2\/tags?post=159764"},{"taxonomy":"priority-area","embeddable":true,"href":"https:\/\/ufmsecretariat.org\/fr\/wp-json\/wp\/v2\/priority-area?post=159764"}],"curies":[{"name":"wp","href":"https:\/\/api.w.org\/{rel}","templated":true}]}}