
{"id":159921,"date":"2024-02-02T17:44:28","date_gmt":"2024-02-02T16:44:28","guid":{"rendered":"https:\/\/ufmsecretariat.org\/?p=159921"},"modified":"2024-02-12T18:37:23","modified_gmt":"2024-02-12T17:37:23","slug":"empowering-sustainable-futures-through-green-skills","status":"publish","type":"post","link":"https:\/\/ufmsecretariat.org\/fr\/empowering-sustainable-futures-through-green-skills\/","title":{"rendered":"Renforcer les comp\u00e9tences vertes pour un avenir durable"},"content":{"rendered":"<ul>\n<li><strong>L&#8217;atelier de l\u2019UpM sur les comp\u00e9tences vertes en M\u00e9diterran\u00e9e, qui s&#8217;est tenu \u00e0 Saragosse, en Espagne, a permis d&#8217;aborder la question des taux de ch\u00f4mage \u00e9lev\u00e9s et les lacunes en termes de comp\u00e9tences dans la r\u00e9gion, en mettant l&#8217;accent sur le r\u00f4le de l&#8217;\u00e9ducation et de la recherche dans la promotion de syst\u00e8mes alimentaires durables et le renforcement des perspectives de carri\u00e8re professionnelle.<\/strong><\/li>\n<li><strong>Les participants, en provenance de 15 pays euro-m\u00e9diterran\u00e9ens, repr\u00e9sentaient le monde universitaire, l&#8217;industrie, les d\u00e9cideurs politiques et la soci\u00e9t\u00e9 civile, soulignant ainsi l&#8217;approche multisectorielle de la durabilit\u00e9 et de la collaboration \u00e0 \u00e9chelle r\u00e9gionale de l&#8217;\u00e9v\u00e9nement. <\/strong><\/li>\n<li><strong>L&#8217;atelier visait \u00e0 inciter les participants \u00e0 int\u00e9grer les comp\u00e9tences vertes dans les programmes universitaires et les pratiques professionnelles, en se concentrant sur les techniques li\u00e9es au cadre des syst\u00e8mes alimentaires durables. Par le biais de sessions interactives, les participants ont d\u00e9velopp\u00e9 des strat\u00e9gies pour int\u00e9grer les comp\u00e9tences vertes au sein de leur activit\u00e9 professionnelle. <\/strong><\/li>\n<\/ul>\n<p><strong>1-2 f\u00e9vrier 2024, Saragosse, Espagne.<\/strong> L&#8217;\u00e9ducation et la recherche jouent un r\u00f4le essentiel dans la promotion des syst\u00e8mes alimentaires durables, renfor\u00e7ant aussi les perspectives de carri\u00e8re professionnelle. Conform\u00e9ment \u00e0 la <a href=\"https:\/\/ufmsecretariat.org\/fr\/ministerial-conference-research-innovation-2022\/\" target=\"_blank\" rel=\"noopener\">d\u00e9claration minist\u00e9rielle de l&#8217;UpM sur la recherche et l&#8217;innovation<\/a>, qui souligne la n\u00e9cessit\u00e9 de d\u00e9velopper les connaissances et les comp\u00e9tences visant \u00e0 l&#8217;inclusion des dipl\u00f4m\u00e9s et des chercheurs de la r\u00e9gion m\u00e9diterran\u00e9enne comme instrument de renforcement des programmes de recherche et d&#8217;innovation dans la r\u00e9gion<em>, l&#8217;atelier sur les comp\u00e9tences vertes en M\u00e9diterran\u00e9e : l&#8217;\u00e9ducation et la recherche pour des syst\u00e8mes alimentaires durables<\/em> s&#8217;est tenu au si\u00e8ge du CIHEAM \u00e0 Saragosse sur une p\u00e9riode de deux jours.<\/p>\n<p>Coorganis\u00e9 par l&#8217;Union pour la M\u00e9diterran\u00e9e et le CIHEAM de Saragosse, avec l&#8217;assistance technique de Paeradigms et le soutien de la Fondation europ\u00e9enne pour la formation (ETF), de la Coop\u00e9ration allemande au d\u00e9veloppement (GIZ) et du minist\u00e8re slov\u00e8ne des Affaires \u00e9trang\u00e8res et europ\u00e9ennes, l&#8217;atelier a rassembl\u00e9 des participants de 15 pays euro-m\u00e9diterran\u00e9ens. Ces derniers \u00e9taient issus du monde universitaire, de l&#8217;industrie, des d\u00e9cideurs politiques et des institutions de la soci\u00e9t\u00e9 civile, mettant ainsi l&#8217;accent sur une approche multisectorielle du d\u00e9veloppement durable.<\/p>\n<p>Au c\u0153ur de cette initiative repose une pr\u00e9occupation profonde pour les d\u00e9fis urgents auxquels est confront\u00e9e la r\u00e9gion : des taux de ch\u00f4mage \u00e9lev\u00e9s chez les jeunes et les femmes, et un foss\u00e9 consid\u00e9rable entre les comp\u00e9tences acquises dans l&#8217;enseignement sup\u00e9rieur et les attentes des employeurs. Conscient du potentiel de transformation de l&#8217;\u00e9ducation et de la recherche, l&#8217;atelier visait \u00e0 combler ce foss\u00e9 en int\u00e9grant les comp\u00e9tences vertes dans les programmes d&#8217;\u00e9tudes et les pratiques professionnelles.<\/p>\n<blockquote><p><em>\u00ab L&#8217;employabilit\u00e9 et l&#8217;innovation sont intrins\u00e8quement li\u00e9es \u00e0 la transition verte, et devraient compl\u00e9ter notre volont\u00e9 de progresser vers des syst\u00e8mes alimentaires durables, dont les impacts sont intimement li\u00e9s au changement climatique, \u00e0 l&#8217;\u00e9nergie renouvelable et \u00e0 la sant\u00e9 \u00bb.<\/em> &#8211; Giuseppe Provenzano, chef de projet de l&#8217;UpM pour l&#8217;enseignement sup\u00e9rieur et de la recherche.<\/p><\/blockquote>\n<p><a title=\"Workshop on Green Skills in the Mediterranean: Education and research for sustainable food systems\" href=\"https:\/\/www.flickr.com\/photos\/ufms\/albums\/72177720314694494\" data-flickr-embed=\"true\"><img loading=\"lazy\" decoding=\"async\" class=\"alignleft\" src=\"https:\/\/live.staticflickr.com\/65535\/53518908824_bcd7e8e467_z.jpg\" alt=\"Workshop on Green Skills in the Mediterranean: Education and research for sustainable food systems\" width=\"640\" height=\"480\" \/><\/a><script async src=\"\/\/embedr.flickr.com\/assets\/client-code.js\" charset=\"utf-8\"><\/script><\/p>\n<p>L&#8217;objectif de l&#8217;atelier \u00e9tait d&#8217;inciter les participants \u00e0 prendre conscience de l&#8217;importance de l&#8217;int\u00e9gration des comp\u00e9tences vertes dans les programmes d&#8217;\u00e9tudes et \u00e0 les int\u00e9grer de mani\u00e8re proactive dans leurs activit\u00e9s, tout en contribuant activement \u00e0 l&#8217;avancement des syst\u00e8mes alimentaires durables, \u00e0 la s\u00e9curit\u00e9 alimentaire et au dialogue r\u00e9gional sur la \u00ab transition juste \u00bb. L&#8217;atelier s&#8217;est concentr\u00e9 sur les techniques li\u00e9es aux comp\u00e9tences vertes dans le cadre des syst\u00e8mes alimentaires durables, selon deux perspectives : une perspective technique \u00e0 travers la production alimentaire et l&#8217;agriculture, et une perspective li\u00e9e aux cadres politiques nationaux et \u00e0 la durabilit\u00e9.<\/p>\n<p>Gr\u00e2ce \u00e0 ces activit\u00e9s interactives et \u00e0 des sessions de formation, les participants ont \u00e9labor\u00e9 des \u00e9tudes de cas sur la mani\u00e8re dont les comp\u00e9tences vertes pourraient \u00eatre int\u00e9gr\u00e9es dans leur vie professionnelle afin de modifier le mod\u00e8le \u00e9ducatif et l&#8217;interaction avec le secteur entrepreneurial.<\/p>\n<p>Au vu du succ\u00e8s de l&#8217;initiative, une deuxi\u00e8me formation ax\u00e9e sur les \u00e9nergies renouvelables est pr\u00e9vue en Alg\u00e9rie en 2024.<\/p>\n<p><em>Cette activit\u00e9 a soutenu <\/em><a href=\"https:\/\/www.oneplanetnetwork.org\/programmes\/sustainable-food-systems\/sfs-med-platform\" target=\"_blank\" rel=\"noopener\"><em>l&#8217;initiative SFS-Med<\/em><\/a><em>, dans le cadre de laquelle l&#8217;UpM coop\u00e8re avec la FAO, PRIMA et le CIHEAM.<\/em><\/p>\n<p><strong>En savoir plus sur les activit\u00e9s de<\/strong> <strong>la <\/strong><a href=\"https:\/\/ufmsecretariat.org\/fr\/notre-action\/higher-education-research\/\" target=\"_blank\" rel=\"noopener\"><strong>division de l&#8217;Enseignement sup\u00e9rieur et de la recherche<\/strong><\/a><strong>.<\/strong><\/p>\n<p><strong>Pour en savoir plus sur le Nexus Innovation-Employabilit\u00e9, consultez nos publications :<\/strong><\/p>\n<p>&#8211; <a href=\"https:\/\/ufmsecretariat.org\/fr\/publication-speech\/vocational-pathways-in-higher-education\/\" target=\"_blank\" rel=\"noopener\">Vers une strat\u00e9gie de l&#8217;Union pour la M\u00e9diterran\u00e9e sur le d\u00e9veloppement de nouveaux parcours professionnels dans l&#8217;enseignement sup\u00e9rieur<\/a><br \/>\n&#8211; <a href=\"https:\/\/ufmsecretariat.org\/fr\/publication-speech\/reinforcing-the-innovation-employability-nexus-in-the-mediterranean\/\" target=\"_blank\" rel=\"noopener\">Renforcer le Nexus Innovation-Employabilit\u00e9 en M\u00e9diterran\u00e9e &#8211; Un manuel pour le monde acad\u00e9mique, l&#8217;industrie et les d\u00e9cideurs politiques.<\/a><\/p>\n","protected":false},"excerpt":{"rendered":"<p>L&#8217;atelier de l\u2019UpM sur les comp\u00e9tences vertes en M\u00e9diterran\u00e9e, qui s&#8217;est tenu \u00e0 Saragosse, en Espagne, a permis d&#8217;aborder la question des taux de ch\u00f4mage \u00e9lev\u00e9s et les lacunes en termes de comp\u00e9tences dans la r\u00e9gion, en mettant l&#8217;accent sur le r\u00f4le de l&#8217;\u00e9ducation et de la recherche dans la promotion de syst\u00e8mes alimentaires durables<br \/><a href=\"https:\/\/ufmsecretariat.org\/fr\/empowering-sustainable-futures-through-green-skills\/\" class=\"more\">Lire la suite<\/a><\/p>\n","protected":false},"author":38,"featured_media":159918,"comment_status":"open","ping_status":"open","sticky":false,"template":"","format":"standard","meta":{"footnotes":""},"categories":[92,85],"tags":[],"priority-area":[203],"class_list":["post-159921","post","type-post","status-publish","format-standard","has-post-thumbnail","hentry","category-actualites","category-actualites-phares","priority-area-higher-education-research-fr"],"_links":{"self":[{"href":"https:\/\/ufmsecretariat.org\/fr\/wp-json\/wp\/v2\/posts\/159921","targetHints":{"allow":["GET"]}}],"collection":[{"href":"https:\/\/ufmsecretariat.org\/fr\/wp-json\/wp\/v2\/posts"}],"about":[{"href":"https:\/\/ufmsecretariat.org\/fr\/wp-json\/wp\/v2\/types\/post"}],"author":[{"embeddable":true,"href":"https:\/\/ufmsecretariat.org\/fr\/wp-json\/wp\/v2\/users\/38"}],"replies":[{"embeddable":true,"href":"https:\/\/ufmsecretariat.org\/fr\/wp-json\/wp\/v2\/comments?post=159921"}],"version-history":[{"count":5,"href":"https:\/\/ufmsecretariat.org\/fr\/wp-json\/wp\/v2\/posts\/159921\/revisions"}],"predecessor-version":[{"id":159951,"href":"https:\/\/ufmsecretariat.org\/fr\/wp-json\/wp\/v2\/posts\/159921\/revisions\/159951"}],"wp:featuredmedia":[{"embeddable":true,"href":"https:\/\/ufmsecretariat.org\/fr\/wp-json\/wp\/v2\/media\/159918"}],"wp:attachment":[{"href":"https:\/\/ufmsecretariat.org\/fr\/wp-json\/wp\/v2\/media?parent=159921"}],"wp:term":[{"taxonomy":"category","embeddable":true,"href":"https:\/\/ufmsecretariat.org\/fr\/wp-json\/wp\/v2\/categories?post=159921"},{"taxonomy":"post_tag","embeddable":true,"href":"https:\/\/ufmsecretariat.org\/fr\/wp-json\/wp\/v2\/tags?post=159921"},{"taxonomy":"priority-area","embeddable":true,"href":"https:\/\/ufmsecretariat.org\/fr\/wp-json\/wp\/v2\/priority-area?post=159921"}],"curies":[{"name":"wp","href":"https:\/\/api.w.org\/{rel}","templated":true}]}}