
{"id":16165,"date":"2015-05-05T12:33:49","date_gmt":"2015-05-05T11:33:49","guid":{"rendered":"https:\/\/ufmsecretariat.org\/?p=16165"},"modified":"2015-04-29T12:28:53","modified_gmt":"2015-04-29T11:28:53","slug":"barcelona-high-level-forum-food-security-fao-ebrd-ufm","status":"publish","type":"post","link":"https:\/\/ufmsecretariat.org\/fr\/barcelona-high-level-forum-food-security-fao-ebrd-ufm\/","title":{"rendered":"Forum sur la contribution du secteur priv\u00e9 \u00e0 la securit\u00e9 alimentaire de la r\u00e9gion du sud et de l&#8217;est de la m\u00e9diterran\u00e9e"},"content":{"rendered":"<p><a href=\"https:\/\/ufmsecretariat.org\/\/wp-content\/uploads\/2015\/04\/Food_security.jpg\"><img loading=\"lazy\" decoding=\"async\" class=\"size-full wp-image-16443 aligncenter\" src=\"https:\/\/ufmsecretariat.org\/\/wp-content\/uploads\/2015\/04\/Food_security.jpg\" alt=\"Food_security\" width=\"558\" height=\"260\" srcset=\"https:\/\/ufmsecretariat.org\/wp-content\/uploads\/2015\/04\/Food_security.jpg 558w, https:\/\/ufmsecretariat.org\/wp-content\/uploads\/2015\/04\/Food_security-300x140.jpg 300w, https:\/\/ufmsecretariat.org\/wp-content\/uploads\/2015\/04\/Food_security-100x46.jpg 100w, https:\/\/ufmsecretariat.org\/wp-content\/uploads\/2015\/04\/Food_security-65x30.jpg 65w\" sizes=\"auto, (max-width: 558px) 100vw, 558px\" \/><\/a><\/p>\n<p>Am\u00e9liorer la s\u00e9curit\u00e9 alimentaire sur les rives m\u00e9ridionales et orientales de la M\u00e9diterran\u00e9e n\u00e9cessite la participation de tous.<\/p>\n<p><a href=\"http:\/\/www.fao.org\/\">La FAO<\/a>, <a href=\"http:\/\/www.ebrd.com\/\">la BERD<\/a> et le <a href=\"https:\/\/ufmsecretariat.org\/\/\">Secr\u00e9tariat de l\u2019UpM<\/a> invitent d\u00e9cideurs politiques, dirigeants des entreprises agroalimentaires de la r\u00e9gion et institutions financi\u00e8res internationales \u00e0 \u00e9laborer des pistes de collaboration pour le d\u00e9veloppement d&#8217;un investissement agricole responsable dans la r\u00e9gion.<\/p>\n<p>Co-pr\u00e9sid\u00e9 par Fathallah Sijilmassi, Secr\u00e9taire g\u00e9n\u00e9ral de l\u2019UpM, Laurent Thomas, Sous-Directeur g\u00e9n\u00e9ral de la FAO et Philippe Le Houerou, Vice-pr\u00e9sident de la BERD, le Forum abordera les dilemmes actuels des politiques et de l\u2019investissement agricoles : ind\u00e9pendance alimentaire ou lib\u00e9ralisation des \u00e9changes agricoles? Cohabitation entre agriculture traditionnelle et fili\u00e8res agro-industrielles? Intensification de la production et utilisation responsable des ressources naturelles?<\/p>\n<p>Les discussions du Forum, qui aura lieu le 5 et le 6 mai, s\u2019articuleront autour des th\u00e9matiques suivantes:<\/p>\n<ul>\n<li>bonnes pratiques pour faire avancer l&#8217;int\u00e9gration r\u00e9gionale;<\/li>\n<li>strat\u00e9gies pour r\u00e9duire et financer le d\u00e9ficit des balances commerciales agricoles;<\/li>\n<li>am\u00e9lioration de l&#8217;efficacit\u00e9 des cha\u00eenes d&#8217;approvisionnement \u00e0 l&#8217;importation \u00e0 travers l\u2019implication du secteur priv\u00e9;<\/li>\n<li>d\u00e9veloppement de fili\u00e8res d\u2019exportations \u00e0 forte valeur ajout\u00e9e;<\/li>\n<li>utilisation plus efficace des ressources naturelles dans les processus de production et de transformation; et<\/li>\n<li>am\u00e9lioration de la qualit\u00e9 et de la valeur ajout\u00e9e des productions locales.<\/li>\n<\/ul>\n<p>Les discussions viseront \u00e0 \u00e9laborer une approche r\u00e9gionale pour une meilleure s\u00e9curit\u00e9 alimentaire \u00e0 travers une production et des \u00e9changes agricoles responsables, en mettant en valeur le meilleur de l&#8217;exp\u00e9rience de chacun \u2013 entreprises agroalimentaires, gouvernements, institutions financi\u00e8res \u2013 et en promouvant les possibilit\u00e9s de collaboration entre secteurs public et priv\u00e9.<\/p>\n<h4><strong>Plus d&#8217;info:<\/strong><\/h4>\n<p><a href=\"http:\/\/www.eastagri.org\/meetings\/foodsecurity2015\/index.asp\" target=\"_blank\">Site Web\u00a0<\/a><\/p>\n<p>&nbsp;<\/p>\n<p>&nbsp;<\/p>\n<p><span lang=\"EN-GB\"><span style=\"color: #000000; font-family: Times New Roman; font-size: medium;\">\u00a0<\/span><\/span><\/p>\n<p>&nbsp;<\/p>\n<p>&nbsp;<\/p>\n","protected":false},"excerpt":{"rendered":"<p>Am\u00e9liorer la s\u00e9curit\u00e9 alimentaire sur les rives m\u00e9ridionales et orientales de la M\u00e9diterran\u00e9e n\u00e9cessite la participation de tous. La FAO, la BERD et le Secr\u00e9tariat de l\u2019UpM invitent d\u00e9cideurs politiques, dirigeants des entreprises agroalimentaires de la r\u00e9gion et institutions financi\u00e8res internationales \u00e0 \u00e9laborer des pistes de collaboration pour le d\u00e9veloppement d&#8217;un investissement agricole responsable dans<br \/><a href=\"https:\/\/ufmsecretariat.org\/fr\/barcelona-high-level-forum-food-security-fao-ebrd-ufm\/\" class=\"more\">Lire la suite<\/a><\/p>\n","protected":false},"author":3,"featured_media":0,"comment_status":"open","ping_status":"open","sticky":false,"template":"","format":"standard","meta":{"footnotes":""},"categories":[76,162],"tags":[],"priority-area":[193],"class_list":["post-16165","post","type-post","status-publish","format-standard","hentry","category-developpement-des-entreprises","category-evenements","priority-area-business-development-fr"],"_links":{"self":[{"href":"https:\/\/ufmsecretariat.org\/fr\/wp-json\/wp\/v2\/posts\/16165","targetHints":{"allow":["GET"]}}],"collection":[{"href":"https:\/\/ufmsecretariat.org\/fr\/wp-json\/wp\/v2\/posts"}],"about":[{"href":"https:\/\/ufmsecretariat.org\/fr\/wp-json\/wp\/v2\/types\/post"}],"author":[{"embeddable":true,"href":"https:\/\/ufmsecretariat.org\/fr\/wp-json\/wp\/v2\/users\/3"}],"replies":[{"embeddable":true,"href":"https:\/\/ufmsecretariat.org\/fr\/wp-json\/wp\/v2\/comments?post=16165"}],"version-history":[{"count":11,"href":"https:\/\/ufmsecretariat.org\/fr\/wp-json\/wp\/v2\/posts\/16165\/revisions"}],"predecessor-version":[{"id":16608,"href":"https:\/\/ufmsecretariat.org\/fr\/wp-json\/wp\/v2\/posts\/16165\/revisions\/16608"}],"wp:attachment":[{"href":"https:\/\/ufmsecretariat.org\/fr\/wp-json\/wp\/v2\/media?parent=16165"}],"wp:term":[{"taxonomy":"category","embeddable":true,"href":"https:\/\/ufmsecretariat.org\/fr\/wp-json\/wp\/v2\/categories?post=16165"},{"taxonomy":"post_tag","embeddable":true,"href":"https:\/\/ufmsecretariat.org\/fr\/wp-json\/wp\/v2\/tags?post=16165"},{"taxonomy":"priority-area","embeddable":true,"href":"https:\/\/ufmsecretariat.org\/fr\/wp-json\/wp\/v2\/priority-area?post=16165"}],"curies":[{"name":"wp","href":"https:\/\/api.w.org\/{rel}","templated":true}]}}