
{"id":167918,"date":"2024-09-27T11:04:11","date_gmt":"2024-09-27T10:04:11","guid":{"rendered":"https:\/\/ufmsecretariat.org\/?p=167918"},"modified":"2024-09-30T10:58:28","modified_gmt":"2024-09-30T09:58:28","slug":"ufm-senior-officials-september-2024","status":"publish","type":"post","link":"https:\/\/ufmsecretariat.org\/fr\/ufm-senior-officials-september-2024\/","title":{"rendered":"Les hauts fonctionnaires de l&#8217;UpM se r\u00e9unissent \u00e0 Barcelone et discutent des pr\u00e9paratifs du 9\u00e8me Forum r\u00e9gional de l&#8217;UpM \u00e0 venir"},"content":{"rendered":"<p><strong>Barcelone, 26 septembre 2024 <\/strong>&#8211; Les hauts fonctionnaires de l&#8217;Union pour la M\u00e9diterran\u00e9e (UpM) se sont r\u00e9unis aujourd&#8217;hui \u00e0 Barcelone pour aborder plusieurs sujets cl\u00e9s, notamment la r\u00e9forme de l&#8217;UpM et ses prochaines \u00e9tapes. Lanc\u00e9 en 2023, \u00e0 l&#8217;occasion du 15\u00e8me anniversaire de l&#8217;organisation, le processus de r\u00e9forme vise \u00e0 red\u00e9finir la vision et les priorit\u00e9s de l&#8217;UpM, afin de renforcer son r\u00f4le, son impact et son efficacit\u00e9 dans la r\u00e9gion euro-m\u00e9diterran\u00e9enne.<\/p>\n<p>La r\u00e9union a port\u00e9 sur les d\u00e9fis les plus urgents dans la r\u00e9gion, notamment la situation alarmante au Moyen-Orient. Le <a href=\"https:\/\/ufmsecretariat.org\/fr\/event\/regional-forum-2024\/\" target=\"_blank\" rel=\"noopener\">9\u00e8me forum r\u00e9gional de l&#8217;UpM,<\/a> qui r\u00e9unira les ministres des Affaires \u00e9trang\u00e8res des \u00c9tats membres de l&#8217;UpM, se tiendra en octobre 2024 pour aborder ces questions.<\/p>\n<p><strong>Activit\u00e9s de l&#8217;UpM en 2024<\/strong><\/p>\n<p>Au cours de la r\u00e9union, le secr\u00e9taire g\u00e9n\u00e9ral de l&#8217;UpM, Nasser Kamel, et ses adjoints ont pr\u00e9sent\u00e9 un compte rendu complet des activit\u00e9s du secr\u00e9tariat de l&#8217;UpM, notamment la mise en \u0153uvre des mesures de r\u00e9forme prises par les \u00c9tats membres au cours de l&#8217;ann\u00e9e \u00e9coul\u00e9e, en vue de renforcer les capacit\u00e9s institutionnelles de l&#8217;organisation.<\/p>\n<p>Les deux secr\u00e9taires g\u00e9n\u00e9raux adjoints de l&#8217;UpM r\u00e9cemment nomm\u00e9s, Stephen Borg et Joan Borrell, ont eu l&#8217;occasion de s&#8217;adresser aux \u00c9tats membres pour la premi\u00e8re fois et de les informer sur leurs secteurs d&#8217;activit\u00e9, \u00e0 savoir l&#8217;autonomisation des jeunes et des femmes, le handicap et la protection civile, ainsi que l&#8217;enseignement sup\u00e9rieur, la recherche et l&#8217;innovation, respectivement.<\/p>\n<p>Enfin, les hauts fonctionnaires ont discut\u00e9 de la nomination des nouvelles Capitales m\u00e9diterran\u00e9ennes de la culture et du dialogue pour 2026, qui seront annonc\u00e9es lors du 9\u00e8me forum r\u00e9gional de l&#8217;UpM. Cette initiative, qui vise \u00e0 c\u00e9l\u00e9brer et \u00e0 promouvoir le dialogue interculturel et la compr\u00e9hension mutuelle, souligne l&#8217;engagement de l&#8217;UpM \u00e0 tisser de nouveaux liens dans la r\u00e9gion.<\/p>\n<p>Pour en savoir plus, <a href=\"https:\/\/medculturecapital.com\/fr\" target=\"_blank\" rel=\"noopener\"><strong>ici.<\/strong><\/a><\/p>\n","protected":false},"excerpt":{"rendered":"<p>Barcelone, 26 septembre 2024 &#8211; Les hauts fonctionnaires de l&#8217;Union pour la M\u00e9diterran\u00e9e (UpM) se sont r\u00e9unis aujourd&#8217;hui \u00e0 Barcelone pour aborder plusieurs sujets cl\u00e9s, notamment la r\u00e9forme de l&#8217;UpM et ses prochaines \u00e9tapes. Lanc\u00e9 en 2023, \u00e0 l&#8217;occasion du 15\u00e8me anniversaire de l&#8217;organisation, le processus de r\u00e9forme vise \u00e0 red\u00e9finir la vision et les<br \/><a href=\"https:\/\/ufmsecretariat.org\/fr\/ufm-senior-officials-september-2024\/\" class=\"more\">Lire la suite<\/a><\/p>\n","protected":false},"author":38,"featured_media":167940,"comment_status":"open","ping_status":"open","sticky":false,"template":"","format":"standard","meta":{"footnotes":""},"categories":[92,85],"tags":[],"priority-area":[18246],"class_list":["post-167918","post","type-post","status-publish","format-standard","has-post-thumbnail","hentry","category-actualites","category-actualites-phares","priority-area-institutional-fr"],"_links":{"self":[{"href":"https:\/\/ufmsecretariat.org\/fr\/wp-json\/wp\/v2\/posts\/167918","targetHints":{"allow":["GET"]}}],"collection":[{"href":"https:\/\/ufmsecretariat.org\/fr\/wp-json\/wp\/v2\/posts"}],"about":[{"href":"https:\/\/ufmsecretariat.org\/fr\/wp-json\/wp\/v2\/types\/post"}],"author":[{"embeddable":true,"href":"https:\/\/ufmsecretariat.org\/fr\/wp-json\/wp\/v2\/users\/38"}],"replies":[{"embeddable":true,"href":"https:\/\/ufmsecretariat.org\/fr\/wp-json\/wp\/v2\/comments?post=167918"}],"version-history":[{"count":5,"href":"https:\/\/ufmsecretariat.org\/fr\/wp-json\/wp\/v2\/posts\/167918\/revisions"}],"predecessor-version":[{"id":168268,"href":"https:\/\/ufmsecretariat.org\/fr\/wp-json\/wp\/v2\/posts\/167918\/revisions\/168268"}],"wp:featuredmedia":[{"embeddable":true,"href":"https:\/\/ufmsecretariat.org\/fr\/wp-json\/wp\/v2\/media\/167940"}],"wp:attachment":[{"href":"https:\/\/ufmsecretariat.org\/fr\/wp-json\/wp\/v2\/media?parent=167918"}],"wp:term":[{"taxonomy":"category","embeddable":true,"href":"https:\/\/ufmsecretariat.org\/fr\/wp-json\/wp\/v2\/categories?post=167918"},{"taxonomy":"post_tag","embeddable":true,"href":"https:\/\/ufmsecretariat.org\/fr\/wp-json\/wp\/v2\/tags?post=167918"},{"taxonomy":"priority-area","embeddable":true,"href":"https:\/\/ufmsecretariat.org\/fr\/wp-json\/wp\/v2\/priority-area?post=167918"}],"curies":[{"name":"wp","href":"https:\/\/api.w.org\/{rel}","templated":true}]}}