
{"id":16877,"date":"2015-05-13T13:19:58","date_gmt":"2015-05-13T12:19:58","guid":{"rendered":"https:\/\/ufmsecretariat.org\/action-on-the-ground-ufms-regional-projects-to-support-womens-empowerment-and-gender-equality-2\/"},"modified":"2015-05-13T13:47:16","modified_gmt":"2015-05-13T12:47:16","slug":"action-on-the-ground-ufms-regional-projects-to-support-womens-empowerment-and-gender-equality","status":"publish","type":"post","link":"https:\/\/ufmsecretariat.org\/fr\/action-on-the-ground-ufms-regional-projects-to-support-womens-empowerment-and-gender-equality\/","title":{"rendered":"Agir sur le terrain : des projets r\u00e9gionaux de l&#8217;UpM pour soutenir l&#8217;autonomisation des femmes et l&#8217;\u00e9galit\u00e9 des sexes"},"content":{"rendered":"<p>Le Secr\u00e9tariat de l&#8217;UpM continue de soutenir le programme r\u00e9gional sur l&#8217;autonomisation des femmes et l&#8217;\u00e9galit\u00e9 des sexes, notamment avec la mise en \u0153uvre d&#8217;initiatives et de projets concrets. Ces derni\u00e8res semaines, et gr\u00e2ce au soutien des partenaires de l&#8217;UpM, de grands progr\u00e8s ont \u00e9t\u00e9 r\u00e9alis\u00e9s en termes de mise en \u0153uvre de projets r\u00e9gionaux labellis\u00e9s par l&#8217;UpM\u00a0:<\/p>\n<p><a href=\"https:\/\/ufmsecretariat.org\/\/fr\/young-women-as-job-creators-2\/\" target=\"_blank\"><strong>Jeunes femmes cr\u00e9atrices d&#8217;emploi<\/strong><\/a><\/p>\n<p>La seconde phase de Jeunes femmes cr\u00e9atrices d&#8217;emploi a d\u00e9j\u00e0 commenc\u00e9 ses activit\u00e9s. Cette seconde phase, cr\u00e9\u00e9e par le ministre norv\u00e9gien des Affaires \u00e9trang\u00e8res et par le Gouvernement de la principaut\u00e9 de Monaco, sera mise en \u0153uvre en 2015-2016 en Albanie, en \u00c9gypte, en Jordanie, au Maroc, en Palestine, en Espagne et en Tunisie.<\/p>\n<p>Apr\u00e8s la r\u00e9ussite de la phase\u00a0I, o\u00f9 pr\u00e8s de 800\u00a0femmes de 32\u00a0universit\u00e9s participantes se sont b\u00e9n\u00e9fici\u00e9 du projet en Jordanie, au Maroc, en Palestine et en Espagne, la phase\u00a0II du projet vise \u00e0 atteindre pr\u00e8s de 2\u00a0000\u00a0jeunes femmes.<\/p>\n<p>En Palestine, la Women Entrepreneurship Day (WED, journ\u00e9e de l&#8217;entrepreneuriat f\u00e9minin), l&#8217;\u00e9v\u00e9nement principal du projet, s&#8217;est tenue le 11\u00a0avril au Palestine Red Crescent Hall et a re\u00e7u la participation de pr\u00e8s de 100\u00a0jeunes femmes. L&#8217;atelier a donn\u00e9 des conseils aux participants sur la mani\u00e8re d&#8217;\u00e9laborer un premier plan d&#8217;entreprise, et a offert une excellente occasion de travailler activement avec les mod\u00e8les de r\u00f4le locaux et les formateurs au d\u00e9veloppement des entreprises afin de renforcer leur motivation et de d\u00e9velopper leurs premi\u00e8res id\u00e9es et leurs premiers plans d&#8217;entreprise, notamment les principaux aspects financiers. Les jeunes femmes vont maintenant recevoir des formations en marketing, en finance et en gestion et recevoirun programme de parrainage. Apr\u00e8s la Palestine, ce sera le tour de l&#8217;Albanie et la Maroc. Deux WED auront lieu dans les prochains jours en Albanie, et 41\u00a0WED seront accueillies au Maroc dans diff\u00e9rentes universit\u00e9s du pays durant les prochains mois.<\/p>\n<p><a href=\"https:\/\/ufmsecretariat.org\/\/fr\/skills-for-success-employability-skills-for-women\/\" target=\"_blank\"><strong>Les comp\u00e9tences au service de la r\u00e9ussite<\/strong><\/a><\/p>\n<p>180\u00a0jeunes femmes se sont d\u00e9j\u00e0 b\u00e9n\u00e9fici\u00e9 du programme de formation de 4\u00a0mois organis\u00e9 en Jordanie et au Maroc. Le programme a \u00e9t\u00e9 tr\u00e8s appr\u00e9ci\u00e9 par ces jeunes femmes qui sont maintenant \u00e0 la recherche d&#8217;emploi et qui sont \u00e9valu\u00e9es par AMIDEAST, le promoteur du projet.<\/p>\n<p><a href=\"https:\/\/ufmsecretariat.org\/\/wp-content\/uploads\/2015\/05\/IMG_2117.jpg\"><img loading=\"lazy\" decoding=\"async\" class=\"size-full wp-image-16873 aligncenter\" src=\"https:\/\/ufmsecretariat.org\/\/wp-content\/uploads\/2015\/05\/IMG_2117.jpg\" alt=\"IMG_2117\" width=\"640\" height=\"427\" srcset=\"https:\/\/ufmsecretariat.org\/wp-content\/uploads\/2015\/05\/IMG_2117.jpg 640w, https:\/\/ufmsecretariat.org\/wp-content\/uploads\/2015\/05\/IMG_2117-300x200.jpg 300w, https:\/\/ufmsecretariat.org\/wp-content\/uploads\/2015\/05\/IMG_2117-100x66.jpg 100w, https:\/\/ufmsecretariat.org\/wp-content\/uploads\/2015\/05\/IMG_2117-65x43.jpg 65w\" sizes=\"auto, (max-width: 640px) 100vw, 640px\" \/><\/a><\/p>\n<p>Dana Alazzi, l&#8217;une des b\u00e9n\u00e9ficiaires du projet en Jordanie, a d\u00e9clar\u00e9\u00a0: \u00ab\u00a0Je peux appliquer les comp\u00e9tences que j\u2019ai acquises dans ma vie quotidienne. Outre les comp\u00e9tences professionnelles que j&#8217;ai acquises, j&#8217;ai \u00e9largi mes capacit\u00e9s d&#8217;expression en anglais, ce qui me fait penserque je peux contribuer positivement \u00e0 notre monde. Il s&#8217;agit d&#8217;un programme formidable qui a accru mon potentiel et m&#8217;a donn\u00e9 plus d&#8217;opportunit\u00e9s.\u00a0\u00bb Leila Rajouh, du Maroc, a soulign\u00e9\u00a0: \u00ab\u00a0Les comp\u00e9tences au service de la r\u00e9ussite\u00a0\u00bb me donne, en tant que jeune femme, la chance d&#8217;am\u00e9liorer mes comp\u00e9tences dans la vie, d&#8217;\u00eatre plus s\u00fbre de moi, de mieux me comprendre et de mieux comprendre les autres.\u00a0\u00bb<\/p>\n<p>Le programme r\u00e9gional est actuellement organis\u00e9 au Liban. Les cours de formation, qui ont commenc\u00e9 en mai et dureront jusqu&#8217;en septembre, auront lieu \u00e0 Beyrouth, \u00e0 Tripoli, \u00e0 Tyr et \u00e0 Zahl\u00e9.<\/p>\n<p><a href=\"https:\/\/ufmsecretariat.org\/\/fr\/forming-responsible-citizens-promoting-citizenship-education-to-prevent-school-violence-particularly-against-girls-and-women\/\" target=\"_blank\"><strong>Former des citoyens responsables<\/strong><\/a><\/p>\n<p>Les activit\u00e9s du projet ont commenc\u00e9 en avril\u00a02015 dans les 3\u00a0pays o\u00f9 il va \u00eatre mis \u0153uvre\u00a0: au Maroc, en \u00c9gypte et en Tunisie. Le projet, en collaboration \u00e9troite avec les autorit\u00e9s nationales en charge de l&#8217;\u00e9ducation de chaque pays, d\u00e9veloppera un nouveau programme scolaire comprenant des concepts et syst\u00e8mes civiques, des processus de vie civique, l&#8217;\u00e9galit\u00e9 des sexes et une \u00e9ducation aux droits de l&#8217;homme et au d\u00e9veloppement inclusif et durable visant \u00e0 ameliorer les comp\u00e9tences de base en termes de citoyennet\u00e9 et d&#8217;\u00e9galit\u00e9. Il formera les enseignants \u00e0 l&#8217;\u00e9ducation civique \u00e0 l\u2019aide de nouveaux mat\u00e9riaux et de nouvelles m\u00e9thodologies, tout en fournissant une formation pratique sur l&#8217;\u00e9galit\u00e9 des sexes et la gestion et la r\u00e9solution des conflits. Le projet renforcera \u00e9galement la participation des \u00e9tudiants et des familles \u00e0 l&#8217;organisation scolaire.<\/p>\n<p>Plus de 90\u00a0enseignants et 3\u00a0000\u00a0\u00e9tudiants d&#8217;\u00e9coles secondaires seront vis\u00e9s par les activit\u00e9s du projet.<\/p>\n<p>Le projet a d\u00e9j\u00e0 \u00e9t\u00e9 pr\u00e9sent\u00e9 \u00e0 Casablanca, au Maroc, le 24\u00a0avril. Pr\u00e8s de 40\u00a0repr\u00e9sentants \u00e9taient pr\u00e9sents, notamment des d\u00e9cideurs politiques, des enseignants, des \u00e9tudiants, des repr\u00e9sentants de la soci\u00e9t\u00e9 civile et des m\u00e9dias.<\/p>\n<p><a href=\"https:\/\/ufmsecretariat.org\/\/fr\/developing-women-empowerment\/\" target=\"_blank\"><strong>D\u00e9velopper l&#8217;autonomisation des femmes<\/strong><\/a><\/p>\n<p>La premi\u00e8re r\u00e9union du directorat de la Fondation, compos\u00e9 par l&#8217;Institut europ\u00e9en de la M\u00e9diterran\u00e9e (IEMed) d&#8217;Espagne, le Forum Femmes M\u00e9diterran\u00e9e de France, le R\u00e9seau Universitaire et Scientifique Euro-M\u00e9diterran\u00e9en sur le Genre et les Femmes (RUSEMEG) du Maroc, la F\u00e9d\u00e9ration de la Ligue D\u00e9mocratique des Droits des Femmes du Maroc, le Centre de la femme arabe pour la formation et la recherche (CAWTAR) de Tunisie et le Gouvernement fran\u00e7ais, s&#8217;est tenue \u00e0 Barcelone en d\u00e9cembre\u00a02014 afin de s&#8217;entendre sur le plan d&#8217;action pour la mise en \u0153uvre du projet.<\/p>\n<p>\u00c0 cet \u00e9gard, la plateforme Internet qui reliera les trois composantes majeures du projet sera pr\u00e9sent\u00e9e et lanc\u00e9e tr\u00e8s prochainement.<\/p>\n","protected":false},"excerpt":{"rendered":"<p>Le Secr\u00e9tariat de l&#8217;UpM continue de soutenir le programme r\u00e9gional sur l&#8217;autonomisation des femmes et l&#8217;\u00e9galit\u00e9 des sexes, notamment avec la mise en \u0153uvre d&#8217;initiatives et de projets concrets. Ces derni\u00e8res semaines, et gr\u00e2ce au soutien des partenaires de l&#8217;UpM, de grands progr\u00e8s ont \u00e9t\u00e9 r\u00e9alis\u00e9s en termes de mise en \u0153uvre de projets r\u00e9gionaux<br \/><a href=\"https:\/\/ufmsecretariat.org\/fr\/action-on-the-ground-ufms-regional-projects-to-support-womens-empowerment-and-gender-equality\/\" class=\"more\">Lire la suite<\/a><\/p>\n","protected":false},"author":3,"featured_media":16872,"comment_status":"open","ping_status":"open","sticky":false,"template":"","format":"standard","meta":{"footnotes":""},"categories":[92,85,83,169],"tags":[],"priority-area":[205],"class_list":["post-16877","post","type-post","status-publish","format-standard","has-post-thumbnail","hentry","category-actualites","category-actualites-phares","category-affaires-civiles-sociales","category-social-civil-affairs-ufm-women-fr","priority-area-social-civil-affairs-fr"],"_links":{"self":[{"href":"https:\/\/ufmsecretariat.org\/fr\/wp-json\/wp\/v2\/posts\/16877","targetHints":{"allow":["GET"]}}],"collection":[{"href":"https:\/\/ufmsecretariat.org\/fr\/wp-json\/wp\/v2\/posts"}],"about":[{"href":"https:\/\/ufmsecretariat.org\/fr\/wp-json\/wp\/v2\/types\/post"}],"author":[{"embeddable":true,"href":"https:\/\/ufmsecretariat.org\/fr\/wp-json\/wp\/v2\/users\/3"}],"replies":[{"embeddable":true,"href":"https:\/\/ufmsecretariat.org\/fr\/wp-json\/wp\/v2\/comments?post=16877"}],"version-history":[{"count":2,"href":"https:\/\/ufmsecretariat.org\/fr\/wp-json\/wp\/v2\/posts\/16877\/revisions"}],"predecessor-version":[{"id":16881,"href":"https:\/\/ufmsecretariat.org\/fr\/wp-json\/wp\/v2\/posts\/16877\/revisions\/16881"}],"wp:featuredmedia":[{"embeddable":true,"href":"https:\/\/ufmsecretariat.org\/fr\/wp-json\/wp\/v2\/media\/16872"}],"wp:attachment":[{"href":"https:\/\/ufmsecretariat.org\/fr\/wp-json\/wp\/v2\/media?parent=16877"}],"wp:term":[{"taxonomy":"category","embeddable":true,"href":"https:\/\/ufmsecretariat.org\/fr\/wp-json\/wp\/v2\/categories?post=16877"},{"taxonomy":"post_tag","embeddable":true,"href":"https:\/\/ufmsecretariat.org\/fr\/wp-json\/wp\/v2\/tags?post=16877"},{"taxonomy":"priority-area","embeddable":true,"href":"https:\/\/ufmsecretariat.org\/fr\/wp-json\/wp\/v2\/priority-area?post=16877"}],"curies":[{"name":"wp","href":"https:\/\/api.w.org\/{rel}","templated":true}]}}