
{"id":17232,"date":"2015-05-25T15:14:22","date_gmt":"2015-05-25T14:14:22","guid":{"rendered":"https:\/\/ufmsecretariat.org\/ufm-member-states-exchange-views-on-current-political-challenges-and-advance-cooperation-in-the-region-2\/"},"modified":"2015-06-04T17:00:58","modified_gmt":"2015-06-04T16:00:58","slug":"ufm-member-states-exchange-views-on-current-political-challenges-and-advance-cooperation-in-the-region","status":"publish","type":"post","link":"https:\/\/ufmsecretariat.org\/fr\/ufm-member-states-exchange-views-on-current-political-challenges-and-advance-cooperation-in-the-region\/","title":{"rendered":"Les \u00c9tats membres de l&#8217;UpM \u00e9changent leurs points de vue sur les d\u00e9fis actuels et font progresser la coop\u00e9ration dans la r\u00e9gion"},"content":{"rendered":"<p><strong>\u00c0 Barcelone, le 25\u00a0mai 2015.<\/strong>\u00a0Les hauts fonctionnaires des \u00c9tats membres de l\u2019Union pour la M\u00e9diterran\u00e9e se sont rencontr\u00e9s le dimanche\u00a024\u00a0mai pour la deuxi\u00e8me fois cette ann\u00e9e. La r\u00e9union &#8211; inaugur\u00e9e \u00e0 Amman par Nasser Judeh, ministre des Affaires \u00e9trang\u00e8res du Royaume hach\u00e9mite de Jordanie &#8211; \u00e9tait tr\u00e8s importante et symbolique puisqu\u2019il s\u2019agit de la premi\u00e8re fois que cette r\u00e9union a lieu dans un pays du Sud de la M\u00e9diterran\u00e9e. La prochaine r\u00e9union aura lieu le 27\u00a0octobre au Luxembourg, prochaine pr\u00e9sidence du Conseil de l&#8217;Union europ\u00e9enne.<\/p>\n<p>Le ministre Judeh a d\u00e9battu des derniers \u00e9v\u00e8nements au Moyen-Orient, de la situation en Syrie et de ses r\u00e9percussions sur le terrain, notamment du probl\u00e8me des r\u00e9fugi\u00e9s syriens et de son impact n\u00e9gatif sur l&#8217;\u00e9conomie jordanienne.<\/p>\n<p>Il a \u00e9galement \u00e9chang\u00e9 des points de vue avec les repr\u00e9sentants des \u00c9tats membres concernant le ph\u00e9nom\u00e8ne croissant de l&#8217;extr\u00e9misme et du radicalisme, et a soulign\u00e9 la n\u00e9cessit\u00e9 de lutter contre ce ph\u00e9nom\u00e8ne \u00e0 l\u2019\u00e9chelle mondiale et de mani\u00e8re collective gr\u00e2ce \u00e0 une approche globale. Le processus de r\u00e9vision de la Politique europ\u00e9enne de voisinage faisant suite \u00e0 la conf\u00e9rence minist\u00e9rielle informelle, qui s&#8217;est tenue \u00e0 Barcelone le 13\u00a0avril dans les locaux du Secr\u00e9tariat de l&#8217;UpM, a \u00e9galement \u00e9t\u00e9 \u00e9voqu\u00e9 lors de la r\u00e9union en Jordanie.<\/p>\n<p>En outre, trois nouveaux projets ont \u00e9t\u00e9 labellis\u00e9s, \u00e0 savoir, le projet <em>D\u00e9veloppement de la vall\u00e9e du Bouregreg<\/em> dans le domaine du d\u00e9veloppement urbain, le projet <em>Croissance des CEED et d\u00e9veloppement des petites et moyennes entreprises <\/em>et <em>Femmes d\u2019Avenir <\/em>dans le domaine de l&#8217;autonomisation des femmes (plus d&#8217;informations ci-dessous).<\/p>\n<p>Les hauts fonctionnaires ont soulign\u00e9 l&#8217;importance des probl\u00e8mes li\u00e9s \u00e0 l&#8217;\u00e9conomie bleue et ont fait r\u00e9f\u00e9rence au prochain sommet minist\u00e9riel\u00a0ad hoc du 28\u00a0mai, cons\u00e9cutif \u00e0 la r\u00e9union des parties prenantes de l&#8217;UpM \u00ab\u00a0<a href=\"https:\/\/ufmsecretariat.org\/\/union-for-the-mediterranean-ufm-stakeholders-conference-towards-a-roadmap-for-blue-investment-and-jobs-in-the-mediterranean\/\" target=\"_blank\">Vers l\u2019\u00e9tablissement d\u2019une feuille de route pour l&#8217;investissement et les emplois bleus dans la r\u00e9gion m\u00e9diterran\u00e9enne\u00a0\u00bb<\/a>\u00a0\u00e0 Ath\u00e8nes le 27\u00a0mai, en vue de la pr\u00e9paration de la conf\u00e9rence minist\u00e9rielle sur l&#8217;\u00e9conomie bleue.<\/p>\n<p>Des repr\u00e9sentants des \u00c9tats membres ont re\u00e7u un compte-rendu de la semaine du climat m\u00e9diterran\u00e9en et de <a href=\"https:\/\/ufmsecretariat.org\/\/fostering-regional-dialogue-on-energy-launch-of-3-ufm-platforms-on-gas-regional-electricity-markets-and-renewable-energy-and-energy-efficiency\/\" target=\"_blank\">la conf\u00e9rence informelle de haut niveau de l&#8217;UpM<\/a> qui s&#8217;est tenue \u00e0 Skhirat, au Maroc, le 7\u00a0mai dernier. Le Secr\u00e9taire g\u00e9n\u00e9ral de l&#8217;UpM, Fathallah Sijilmassi, a \u00e9galement fait un compte-rendu aux hauts fonctionnaires sur les trois r\u00e9unions cons\u00e9cutives (sommet minist\u00e9riel ad hoc sur le renforcement du r\u00f4le des femmes dans la soci\u00e9t\u00e9, les conclusions de la r\u00e9union multipartite et la <a href=\"https:\/\/ufmsecretariat.org\/\/250-experts-gathered-in-the-ufm-conference-to-foster-womens-participation-in-the-economic-life\/\" target=\"_blank\">conf\u00e9rence de haut niveau sur la promotion de la participation des femmes \u00e0 la vie \u00e9conomique<\/a>) qui ont\u00a0eu lieu \u00e0 Barcelone du 19 au 21\u00a0mai).<\/p>\n<h4><strong>PROJETS LABELLIS\u00c9S<\/strong><em>\u00a0<\/em><\/h4>\n<p><strong>D\u00e9veloppement de la vall\u00e9e du Bouregreg<\/strong><\/p>\n<p>Le projet vise \u00e0 d\u00e9velopper de nouveaux quartiers \u00e0 des fins professionnelles et r\u00e9sidentielles (en vue d\u2019une diversit\u00e9 sociale), ainsi que des \u00e9quipements et des espaces publics. Il permettra de pr\u00e9server les terres cultiv\u00e9es, de cr\u00e9er des espaces \u00e9cologiques naturels, de mettre en \u0153uvre des actions de reforestation et de restaurer les cours d&#8217;eau qui pr\u00e9sentent un risque d&#8217;\u00e9rosion des berges et de glissements de terrain. Il favorisera \u00e9galement un d\u00e9veloppement int\u00e9gr\u00e9 r\u00e9pondant aux besoins pr\u00e9sents et futurs de la r\u00e9gion, notamment des installations importantes qui b\u00e9n\u00e9ficient \u00e0 l&#8217;ensemble de la r\u00e9gion m\u00e9tropolitaine, telles qu&#8217;un h\u00f4pital et la r\u00e9habilitation de Chellah. De plus, le projet apportera une continuit\u00e9 urbaine entre les deux villes en am\u00e9liorant les infrastructures routi\u00e8res, les liaisons et le flux du trafic entre les villes de Rabat et de Sal\u00e9.<\/p>\n<p><strong>Croissance des CEED et d\u00e9veloppement des petites et moyennes entreprises<\/strong><\/p>\n<p>Am\u00e9liorer les comp\u00e9tences en mati\u00e8re de direction, de gestion et d&#8217;entrepreneuriat de 300\u00a0petites et moyennes entreprises et femmes entrepreneurs, r\u00e9duire l&#8217;\u00e9cart de capital humain et augmenter le nombre de femmes entrepreneurs et responsables qui poss\u00e8dent\/g\u00e8rent des PME, et d\u00e9velopper des soci\u00e9t\u00e9s afin d&#8217;accro\u00eetre le nombre d&#8217;emplois cr\u00e9\u00e9s et de contribuer aux \u00e9conomies nationales de la r\u00e9gion. L&#8217;objectif r\u00e9gional consiste \u00e0 \u00e9tablir des liens transfrontaliers entre les entrepreneurs en M\u00e9diterran\u00e9e. Cela est essentiel pour d\u00e9velopper les \u00e9conomies dans la r\u00e9gion, pour faciliter une approche d&#8217;investissement r\u00e9gionale, pour donner l&#8217;occasion aux entrepreneurs d&#8217;explorer de nouvelles solutions transfrontali\u00e8res et pour aider les entrepreneurs et leurs soci\u00e9t\u00e9s \u00e0 saisir des opportunit\u00e9s transfrontali\u00e8res.<\/p>\n<p><strong>Femmes d\u2019Avenir <\/strong><\/p>\n<p>Le projet vise \u00e0 aider les jeunes femmes dans leurs carri\u00e8res professionnelles, \u00e0 renforcer leur capacit\u00e9 \u00e0 acc\u00e9der \u00e0 des postes de responsabilit\u00e9 et \u00e0 d\u00e9velopper leur implication en faveur de l&#8217;\u00e9galit\u00e9 des sexes. Il vise \u00e9galement \u00e0 diffuser la culture de l&#8217;\u00e9galit\u00e9 des sexes en travaillant avec un r\u00e9seau de femmes engag\u00e9es dans la promotion de l&#8217;\u00e9galit\u00e9 dans leurs pays et dans leurs secteurs d&#8217;activit\u00e9. <em>Femmes<\/em> <em>d\u2019Avenir<\/em> est conforme aux engagements minist\u00e9riels pris par l&#8217;UpM en mati\u00e8re de renforcement du r\u00f4le des femmes dans la soci\u00e9t\u00e9.<\/p>\n","protected":false},"excerpt":{"rendered":"<p>\u2022\tLe ministre jordanien des Affaires \u00e9trang\u00e8res, Nasser Judeh, a inaugur\u00e9 la r\u00e9union des hauts fonctionnaires qui s&#8217;est tenue en Jordanie, pays qui depuis 2012 assume la co-pr\u00e9sidence du Sud de l&#8217;UpM.  <\/p>\n<p>\u2022\tDans le cadre du dialogue politique, les hauts fonctionnaires ont \u00e9chang\u00e9 leurs points de vue concernant le processus de paix au Moyen-Orient, la situation en Syrie et ses r\u00e9percussions sur le terrain, notamment le probl\u00e8me des r\u00e9fugi\u00e9s syriens et le ph\u00e9nom\u00e8ne de l&#8217;extr\u00e9misme et du radicalisme dans la r\u00e9gion euro-m\u00e9diterran\u00e9enne. <\/p>\n","protected":false},"author":3,"featured_media":17231,"comment_status":"open","ping_status":"open","sticky":false,"template":"","format":"standard","meta":{"footnotes":""},"categories":[92,85],"tags":[],"priority-area":[],"class_list":["post-17232","post","type-post","status-publish","format-standard","has-post-thumbnail","hentry","category-actualites","category-actualites-phares"],"_links":{"self":[{"href":"https:\/\/ufmsecretariat.org\/fr\/wp-json\/wp\/v2\/posts\/17232","targetHints":{"allow":["GET"]}}],"collection":[{"href":"https:\/\/ufmsecretariat.org\/fr\/wp-json\/wp\/v2\/posts"}],"about":[{"href":"https:\/\/ufmsecretariat.org\/fr\/wp-json\/wp\/v2\/types\/post"}],"author":[{"embeddable":true,"href":"https:\/\/ufmsecretariat.org\/fr\/wp-json\/wp\/v2\/users\/3"}],"replies":[{"embeddable":true,"href":"https:\/\/ufmsecretariat.org\/fr\/wp-json\/wp\/v2\/comments?post=17232"}],"version-history":[{"count":7,"href":"https:\/\/ufmsecretariat.org\/fr\/wp-json\/wp\/v2\/posts\/17232\/revisions"}],"predecessor-version":[{"id":17248,"href":"https:\/\/ufmsecretariat.org\/fr\/wp-json\/wp\/v2\/posts\/17232\/revisions\/17248"}],"wp:featuredmedia":[{"embeddable":true,"href":"https:\/\/ufmsecretariat.org\/fr\/wp-json\/wp\/v2\/media\/17231"}],"wp:attachment":[{"href":"https:\/\/ufmsecretariat.org\/fr\/wp-json\/wp\/v2\/media?parent=17232"}],"wp:term":[{"taxonomy":"category","embeddable":true,"href":"https:\/\/ufmsecretariat.org\/fr\/wp-json\/wp\/v2\/categories?post=17232"},{"taxonomy":"post_tag","embeddable":true,"href":"https:\/\/ufmsecretariat.org\/fr\/wp-json\/wp\/v2\/tags?post=17232"},{"taxonomy":"priority-area","embeddable":true,"href":"https:\/\/ufmsecretariat.org\/fr\/wp-json\/wp\/v2\/priority-area?post=17232"}],"curies":[{"name":"wp","href":"https:\/\/api.w.org\/{rel}","templated":true}]}}