
{"id":174296,"date":"2024-10-15T15:24:22","date_gmt":"2024-10-15T14:24:22","guid":{"rendered":"https:\/\/ufmsecretariat.org\/?p=174296"},"modified":"2024-10-15T15:33:56","modified_gmt":"2024-10-15T14:33:56","slug":"ufm-makes-strides-towards-securing-euro-mediterranean-water-security-with-key-finance-and-investment-event","status":"publish","type":"post","link":"https:\/\/ufmsecretariat.org\/fr\/ufm-makes-strides-towards-securing-euro-mediterranean-water-security-with-key-finance-and-investment-event\/","title":{"rendered":"L&#8217;UpM progresse vers la s\u00e9curisation de l&#8217;eau dans la r\u00e9gion gr\u00e2ce \u00e0 un \u00e9v\u00e9nement consacr\u00e9 \u00e0 la finance et \u00e0 l&#8217;investissement"},"content":{"rendered":"<p><strong>Le Caire, 15 octobre 2024.<\/strong> La 5\u00e8me conf\u00e9rence annuelle sur le financement et l&#8217;investissement dans le secteur de l&#8217;eau, organis\u00e9e conjointement par l&#8217;Union pour la M\u00e9diterran\u00e9e, l&#8217;Union europ\u00e9enne et la Banque africaine de d\u00e9veloppement, s&#8217;est tenue les 14 et 15 octobre dans la capitale \u00e9gyptienne, dans le cadre de la 9\u00e8me Semaine africaine de l&#8217;eau.<\/p>\n<p>L&#8217;\u00e9v\u00e9nement, qui a attir\u00e9 quelque 100 d\u00e9cideurs politiques et acteurs priv\u00e9s et publics, a servi de plateforme pour discuter des politiques euro-m\u00e9diterran\u00e9ennes et africaines de financement et d&#8217;investissement dans le domaine de l&#8217;eau, en particulier celles relatives aux services essentiels d&#8217;eau, d&#8217;assainissement et d&#8217;hygi\u00e8ne (WASH). Bien qu&#8217;ils soient essentiels \u00e0 la sant\u00e9 publique et au d\u00e9veloppement durable, 20 millions de personnes n&#8217;ont toujours pas d&#8217;acc\u00e8s fiable \u00e0 l&#8217;eau potable dans la r\u00e9gion m\u00e9diterran\u00e9enne, qui abrite 60 % de la population mondiale pauvre en eau. La r\u00e9gion \u00e9tant un point chaud du changement climatique, le risque d&#8217;une ins\u00e9curit\u00e9 hydrique encore plus grande \u00e0 l&#8217;avenir est r\u00e9el si des mesures d\u00e9cisives ne sont pas prises d\u00e8s maintenant pour att\u00e9nuer ce ph\u00e9nom\u00e8ne alarmant et y r\u00e9pondre.<\/p>\n<p>Le secr\u00e9taire g\u00e9n\u00e9ral de l&#8217;UpM, Nasser Kamel, le chef de la d\u00e9l\u00e9gation de la Commission europ\u00e9enne en \u00c9gypte, Christian Berger, le ministre \u00e9gyptien des Ressources hydrauliques et de l&#8217;Irrigation, Hani Sewilam, et le directeur national de la Banque africaine de d\u00e9veloppement pour l&#8217;\u00c9gypte, Abdourahmane Diaw, se sont adress\u00e9s aux participants lors d&#8217;un \u00e9v\u00e9nement qui a \u00e9t\u00e9 suivi de tables rondes sur des questions cruciales li\u00e9es \u00e0 l&#8217;eau, \u00e0 l&#8217;assainissement et \u00e0 l&#8217;hygi\u00e8ne, notamment les tarifs et les probl\u00e8mes d&#8217;accessibilit\u00e9, la mobilisation des ressources publiques ou l&#8217;\u00e9largissement de l&#8217;engagement du secteur priv\u00e9.<\/p>\n<p>\u00ab La conf\u00e9rence annuelle sur le financement et l&#8217;investissement dans le secteur de l&#8217;eau met en \u00e9vidence la n\u00e9cessit\u00e9 de cr\u00e9er un secteur de l&#8217;eau financi\u00e8rement durable, capable de r\u00e9pondre aux demandes d&#8217;une population croissante, de l&#8217;urbanisation et du changement climatique\u00a0\u00bb, a d\u00e9clar\u00e9 le secr\u00e9taire g\u00e9n\u00e9ral de l&#8217;UpM, Nasser Kamel. \u00ab Les partenariats entre les gouvernements, les organisations internationales et les entreprises priv\u00e9es g\u00e9n\u00e8rent le soutien financier, l&#8217;expertise technique et les cadres de collaboration n\u00e9cessaires pour acc\u00e9l\u00e9rer les progr\u00e8s vers l&#8217;objectif de d\u00e9veloppement durable n\u00b0 6, qui consiste \u00e0 garantir l&#8217;acc\u00e8s de tous \u00e0 l&#8217;eau potable et \u00e0 l&#8217;assainissement.<\/p>\n<p>Le secr\u00e9taire g\u00e9n\u00e9ral adjoint de l&#8217;UpM, Almotaz Abadi, a soulign\u00e9 le r\u00f4le central de la conf\u00e9rence annuelle sur le financement et les investissements dans le domaine de l&#8217;eau pour faire avancer les objectifs de la d\u00e9claration minist\u00e9rielle de l&#8217;UpM sur l&#8217;eau. \u00ab Cette plateforme rassemble les d\u00e9cideurs politiques et les parties prenantes afin qu&#8217;ils collaborent pour fa\u00e7onner l&#8217;avenir \u00bb, a-t-il d\u00e9clar\u00e9. \u00ab Il est essentiel que nous accompagnions les pays dans la conception de strat\u00e9gies de financement WASH adapt\u00e9es \u00e0 leurs besoins sp\u00e9cifiques, tout en encourageant les partenariats r\u00e9gionaux et mondiaux.<\/p>\n<p>Le ministre \u00e9gyptien des Ressources hydrauliques et de l&#8217;Irrigation, Hani Sewilam, a d\u00e9clar\u00e9 : \u00ab La raret\u00e9 de l&#8217;eau est l&#8217;un des plus grands d\u00e9fis de notre \u00e9poque, et ses impacts se font sentir de mani\u00e8re plus aigu\u00eb dans la r\u00e9gion m\u00e9diterran\u00e9enne et en Afrique. \u00bb<\/p>\n<p>Un document d&#8217;orientation refl\u00e9tant les conclusions et les recommandations de la conf\u00e9rence sera pr\u00e9par\u00e9 et publi\u00e9 dans les semaines \u00e0 venir. Elles contribueront \u00e0 l&#8217;\u00e9laboration des recommandations de l&#8217;UpM sur le financement de l&#8217;eau qui seront soumises \u00e0 l&#8217;approbation de la prochaine r\u00e9union minist\u00e9rielle de l&#8217;UpM sur l&#8217;eau.<\/p>\n<p><strong>Documents <\/strong><\/p>\n<p><a href=\"https:\/\/ufmsecretariat.org\/fr\/water-agenda\/\">UfM Water Agenda<\/a><\/p>\n<p><a href=\"https:\/\/ufmsecretariat.org\/wp-content\/uploads\/2020\/08\/FS-WEB-EN.pdf\">UfM Financial Strategy for Water<\/a><\/p>\n<p><a href=\"https:\/\/ufmsecretariat.org\/wp-content\/uploads\/2017\/04\/Ministerial-Declaration-on-Water_Union-for-the-Mediterranean.pdf\">UfM Ministerial Declaration on Water<\/a><\/p>\n<p>&nbsp;<\/p>\n","protected":false},"excerpt":{"rendered":"<p>Le Caire, 15 octobre 2024. La 5\u00e8me conf\u00e9rence annuelle sur le financement et l&#8217;investissement dans le secteur de l&#8217;eau, organis\u00e9e conjointement par l&#8217;Union pour la M\u00e9diterran\u00e9e, l&#8217;Union europ\u00e9enne et la Banque africaine de d\u00e9veloppement, s&#8217;est tenue les 14 et 15 octobre dans la capitale \u00e9gyptienne, dans le cadre de la 9\u00e8me Semaine africaine de l&#8217;eau.<br \/><a href=\"https:\/\/ufmsecretariat.org\/fr\/ufm-makes-strides-towards-securing-euro-mediterranean-water-security-with-key-finance-and-investment-event\/\" class=\"more\">Lire la suite<\/a><\/p>\n","protected":false},"author":38,"featured_media":173949,"comment_status":"open","ping_status":"open","sticky":false,"template":"","format":"standard","meta":{"footnotes":""},"categories":[92,85,79],"tags":[],"priority-area":[],"class_list":["post-174296","post","type-post","status-publish","format-standard","has-post-thumbnail","hentry","category-actualites","category-actualites-phares","category-eau-environnement"],"_links":{"self":[{"href":"https:\/\/ufmsecretariat.org\/fr\/wp-json\/wp\/v2\/posts\/174296","targetHints":{"allow":["GET"]}}],"collection":[{"href":"https:\/\/ufmsecretariat.org\/fr\/wp-json\/wp\/v2\/posts"}],"about":[{"href":"https:\/\/ufmsecretariat.org\/fr\/wp-json\/wp\/v2\/types\/post"}],"author":[{"embeddable":true,"href":"https:\/\/ufmsecretariat.org\/fr\/wp-json\/wp\/v2\/users\/38"}],"replies":[{"embeddable":true,"href":"https:\/\/ufmsecretariat.org\/fr\/wp-json\/wp\/v2\/comments?post=174296"}],"version-history":[{"count":3,"href":"https:\/\/ufmsecretariat.org\/fr\/wp-json\/wp\/v2\/posts\/174296\/revisions"}],"predecessor-version":[{"id":174306,"href":"https:\/\/ufmsecretariat.org\/fr\/wp-json\/wp\/v2\/posts\/174296\/revisions\/174306"}],"wp:featuredmedia":[{"embeddable":true,"href":"https:\/\/ufmsecretariat.org\/fr\/wp-json\/wp\/v2\/media\/173949"}],"wp:attachment":[{"href":"https:\/\/ufmsecretariat.org\/fr\/wp-json\/wp\/v2\/media?parent=174296"}],"wp:term":[{"taxonomy":"category","embeddable":true,"href":"https:\/\/ufmsecretariat.org\/fr\/wp-json\/wp\/v2\/categories?post=174296"},{"taxonomy":"post_tag","embeddable":true,"href":"https:\/\/ufmsecretariat.org\/fr\/wp-json\/wp\/v2\/tags?post=174296"},{"taxonomy":"priority-area","embeddable":true,"href":"https:\/\/ufmsecretariat.org\/fr\/wp-json\/wp\/v2\/priority-area?post=174296"}],"curies":[{"name":"wp","href":"https:\/\/api.w.org\/{rel}","templated":true}]}}