
{"id":17624,"date":"2015-06-22T09:20:02","date_gmt":"2015-06-22T08:20:02","guid":{"rendered":"https:\/\/ufmsecretariat.org\/the-union-of-the-mediterranean-presents-its-annual-results-for-2014-2015-33-labelled-projects-worth-more-than-5-billion-euros-2\/"},"modified":"2015-10-19T10:12:03","modified_gmt":"2015-10-19T09:12:03","slug":"the-union-of-the-mediterranean-presents-its-annual-results-for-2014-2015-33-labelled-projects-worth-more-than-5-billion-euros","status":"publish","type":"post","link":"https:\/\/ufmsecretariat.org\/fr\/the-union-of-the-mediterranean-presents-its-annual-results-for-2014-2015-33-labelled-projects-worth-more-than-5-billion-euros\/","title":{"rendered":"L\u2019Union pour la M\u00e9diterran\u00e9e pr\u00e9sente son bilan pour 2014-2015 : 33 projets lab\u00e9lis\u00e9s dans toute la r\u00e9gion pour une valeur de plus de 5 Milliards d\u2019Euros"},"content":{"rendered":"<p><strong>\u00c0 Barcelone, le 22 juin 2015<\/strong>. Le Secr\u00e9taire G\u00e9n\u00e9ral de l\u2019Union pour la M\u00e9diterran\u00e9e (UpM), M.\u00a0Fathallah Sijilmassi, a \u00e9t\u00e9 invit\u00e9 par la Commission des Affaires \u00e9trang\u00e8res du Parlement europ\u00e9en (AFET) \u00e0 Bruxelles en vue de pr\u00e9senter le <a href=\"https:\/\/ufmsecretariat.org\/\/wp-content\/uploads\/2015\/09\/Activity-Report_FR.pdf\" target=\"_blank\">rapport d\u2019activit\u00e9 annuel du Secr\u00e9tariat G\u00e9n\u00e9ral de l\u2019Union pour la M\u00e9diterran\u00e9e<\/a>. Sous la conduite du Pr\u00e9sident de la Commission AFET, M. Elmar Brock, cette r\u00e9union a r\u00e9uni plusieurs d\u00e9put\u00e9s europ\u00e9ens membres de la Commission et repr\u00e9sentants de diff\u00e9rents groupes politiques.<\/p>\n<p>\u00c0 l\u2019occasion de cette r\u00e9union, M. Fathallah Sijilmassi a expos\u00e9 les grands axes des activit\u00e9s du Secr\u00e9tariat G\u00e9n\u00e9ral de l\u2019UpM durant l\u2019ann\u00e9e 2014 en mettant en exergue l\u2019intensification des rencontres de haut niveau, le d\u00e9veloppement de nouveaux projets strat\u00e9giques et le renforcement des liens entre les acteurs publics et priv\u00e9s des pays de la M\u00e9diterran\u00e9e.<\/p>\n<p>M. Sijilmassi a pr\u00e9cis\u00e9 que <em>\u00ab\u00a0l\u2019UpM, sous l\u2019impulsion des co-pr\u00e9sidences, de l\u2019UE et de la Jordanie, et en coordination avec l\u2019ensemble des partenaires de la r\u00e9gion, a contribu\u00e9 au d\u00e9veloppement de la coop\u00e9ration r\u00e9gionale en M\u00e9diterran\u00e9e \u00e0 travers la relance du dialogue politique et des conf\u00e9rences minist\u00e9rielles r\u00e9pondant aux enjeux majeurs qui se posent pour la r\u00e9gion. Cette ann\u00e9e a \u00e9t\u00e9 \u00e9galement l\u2019occasion de d\u00e9velopper et d\u2019acc\u00e9l\u00e9rer la mise en \u0153uvre de nouveaux projets r\u00e9gionaux cl\u00e9s sur le plan socio-\u00e9conomique et strat\u00e9gique : 33 projets r\u00e9gionaux lab\u00e9lis\u00e9s pour une valeur de pr\u00e8s de 5 Milliards d&#8217;Euros<\/em>\u00bb. Ces projets concernent, la croissance inclusive, l\u2019employabilit\u00e9 des jeunes, le renforcement de l\u2019autonomisation des femmes, la promotion de la mobilit\u00e9 des \u00e9tudiants, mais encore le d\u00e9veloppement urbain int\u00e9gr\u00e9 ou le d\u00e9veloppement durable.<\/p>\n<p>L\u2019UpM a \u00e9galement contribu\u00e9 \u00e0 structurer l\u2019activit\u00e9 r\u00e9gionale \u00e0 travers le renforcement des liens entre les acteurs de la r\u00e9gion en organisant des r\u00e9unions et des rencontres de haut niveau ayant rassembl\u00e9 plus de 3000 repr\u00e9sentants des gouvernements, des organisations internationales et des institutions financi\u00e8res, du secteur priv\u00e9, de la soci\u00e9t\u00e9 civile, des parlementaires et des \u00e9lus locaux.<\/p>\n<p>Tout en mettant l\u2019accent sur les nombreuses opportunit\u00e9s existantes, F. Sijilmassi a \u00e9galement soulign\u00e9 que la r\u00e9gion doit faire face \u00e0 des d\u00e9fis importants sur les plans s\u00e9curitaires et socio-\u00e9conomiques. L\u2019immigration clandestine, le terrorisme, les extr\u00e9mismes mais \u00e9galement l\u2019emploi des jeunes, la faiblesse de la croissance et le changement climatique sont autant de d\u00e9fis partag\u00e9s par l\u2019ensemble des pays de la r\u00e9gion et qui n\u00e9cessitent des r\u00e9ponses urgentes, collectives et r\u00e9gionales.<\/p>\n<p><em>\u00abIl y a aujourd\u2019hui urgence pour mobiliser tous les efforts politiques, institutionnels et financiers pour faire de 2015 une ann\u00e9e au cours de laquelle se consolide et s\u2019acc\u00e9l\u00e8re la dynamique de coop\u00e9ration r\u00e9gionale afin de pouvoir traiter collectivement, efficacement et durablement les nombreux d\u00e9fis qui se posent en M\u00e9diterran\u00e9e\u00bb,<\/em> a-t-il estim\u00e9.<\/p>\n<h4>Revoir l&#8217;intervention<\/h4>\n<p><a href=\"http:\/\/www.europarl.europa.eu\/news\/en\/news-room\/content\/20150618IPR67819\/html\/Committee-on-Foreign-Affairs-meeting-22062015\" target=\"_blank\">Site web du Parlement europ\u00e9en<\/a><\/p>\n","protected":false},"excerpt":{"rendered":"<p>L\u2019organisation pr\u00e9sente le rapport d\u2019activit\u00e9 annuel au Parlement europ\u00e9en.<br \/>\nLe Secr\u00e9taire G\u00e9n\u00e9ral de l\u2019UpM a soulign\u00e9 l\u2019importance des enjeux s\u00e9curitaires et socio-\u00e9conomiques de la r\u00e9gion. Les d\u00e9fis li\u00e9s \u00e0 l\u2019immigration clandestine, l\u2019emploi des jeunes et la faiblesse de la croissance concernent autant l\u2019UE que les pays du Sud car il s\u2019agit d\u2019enjeux partag\u00e9s par l\u2019ensemble des pays de la r\u00e9gion et qui n\u00e9cessitent des r\u00e9ponses r\u00e9gionales. <\/p>\n","protected":false},"author":3,"featured_media":17669,"comment_status":"open","ping_status":"open","sticky":false,"template":"","format":"standard","meta":{"footnotes":""},"categories":[92,85],"tags":[],"priority-area":[],"class_list":["post-17624","post","type-post","status-publish","format-standard","has-post-thumbnail","hentry","category-actualites","category-actualites-phares"],"_links":{"self":[{"href":"https:\/\/ufmsecretariat.org\/fr\/wp-json\/wp\/v2\/posts\/17624","targetHints":{"allow":["GET"]}}],"collection":[{"href":"https:\/\/ufmsecretariat.org\/fr\/wp-json\/wp\/v2\/posts"}],"about":[{"href":"https:\/\/ufmsecretariat.org\/fr\/wp-json\/wp\/v2\/types\/post"}],"author":[{"embeddable":true,"href":"https:\/\/ufmsecretariat.org\/fr\/wp-json\/wp\/v2\/users\/3"}],"replies":[{"embeddable":true,"href":"https:\/\/ufmsecretariat.org\/fr\/wp-json\/wp\/v2\/comments?post=17624"}],"version-history":[{"count":5,"href":"https:\/\/ufmsecretariat.org\/fr\/wp-json\/wp\/v2\/posts\/17624\/revisions"}],"predecessor-version":[{"id":19551,"href":"https:\/\/ufmsecretariat.org\/fr\/wp-json\/wp\/v2\/posts\/17624\/revisions\/19551"}],"wp:featuredmedia":[{"embeddable":true,"href":"https:\/\/ufmsecretariat.org\/fr\/wp-json\/wp\/v2\/media\/17669"}],"wp:attachment":[{"href":"https:\/\/ufmsecretariat.org\/fr\/wp-json\/wp\/v2\/media?parent=17624"}],"wp:term":[{"taxonomy":"category","embeddable":true,"href":"https:\/\/ufmsecretariat.org\/fr\/wp-json\/wp\/v2\/categories?post=17624"},{"taxonomy":"post_tag","embeddable":true,"href":"https:\/\/ufmsecretariat.org\/fr\/wp-json\/wp\/v2\/tags?post=17624"},{"taxonomy":"priority-area","embeddable":true,"href":"https:\/\/ufmsecretariat.org\/fr\/wp-json\/wp\/v2\/priority-area?post=17624"}],"curies":[{"name":"wp","href":"https:\/\/api.w.org\/{rel}","templated":true}]}}