
{"id":18441,"date":"2015-11-25T10:25:11","date_gmt":"2015-11-25T09:25:11","guid":{"rendered":"https:\/\/ufmsecretariat.org\/the-mediterranean-week-of-economic-leaders-2015-2\/"},"modified":"2015-10-13T14:10:57","modified_gmt":"2015-10-13T13:10:57","slug":"the-mediterranean-week-of-economic-leaders-2015","status":"publish","type":"post","link":"https:\/\/ufmsecretariat.org\/fr\/the-mediterranean-week-of-economic-leaders-2015\/","title":{"rendered":"Semaine m\u00e9diterran\u00e9enne des leaders \u00e9conomiques &#8211; Barcelona"},"content":{"rendered":"<p><strong>Barcelona,\u00a0\u00a025-27 novembre 2015<\/strong><\/p>\n<p>La IX \u00e9dition de la\u00a0Semaine m\u00e9diterran\u00e9enne des leaders \u00e9conomiques sera orient\u00e9e sur les derni\u00e8res transformations r\u00e9gionales, en rassemblant\u00a0 les points de vues r\u00e9gionaux et europ\u00e9ens au regard des implications \u00e9conomiques des transitions politiques radicales et des moyens pour soutenir davantage les solutions Euro-M\u00e9diterran\u00e9ennes uf<\/p>\n<p>Cette ann\u00e9e, la MedaWeek2015 intitul\u00e9e \u00ab Ensemble, allons plus loin \u00bb, comprendra diff\u00e9rents forums et \u00e9v\u00e9nements ax\u00e9s sur des aspects cl\u00e9s du d\u00e9veloppement \u00e9conomique de la r\u00e9gion m\u00e9diterran\u00e9enne, tels que : l\u2019\u00e9volution des r\u00e9alit\u00e9s en Afrique du Nord, les valeurs de la ville M\u00e9diterran\u00e9enne, les opportunit\u00e9s des Finances islamiques, l\u2019avenir du secteur de l\u2019industrie automobile et de ses secteurs sous-jacents l\u2019industrie des Croisi\u00e8res de la M\u00e9diterran\u00e9e, l\u2019entreprenariat des femmes et le march\u00e9 de l\u2019\u00e9nergie solaire, en partageant les meilleures pratiques, en proposant des projets sp\u00e9cifiques et la cr\u00e9ation de nouvelles opportunit\u00e9s commerciales.<\/p>\n<p>L&#8217;\u00e9v\u00e8nement est organis\u00e9 par l\u2019ASCAME, la Chambre de Commerce et d\u2019Industrie et de Navigation de Barcelone et l\u2019Union pour la M\u00e9diterran\u00e9e (UpM), en collaboration avec l\u2019Institut europ\u00e9en de la M\u00e9diterran\u00e9e (IEMed), la Banque europ\u00e9enne d\u2019investissement (BEI) et d\u2019autres institutions internationales.<\/p>\n<h4>Pour plus d&#8217;informations<\/h4>\n<p><a href=\"http:\/\/www.medaeconomicweek.org\/fr\/\" target=\"_blank\">Site web de la\u00a0Semaine m\u00e9diterran\u00e9enne des leaders \u00e9conomiques 2015<\/a><\/p>\n","protected":false},"excerpt":{"rendered":"<p>Barcelona,\u00a0\u00a025-27 novembre 2015 La IX \u00e9dition de la\u00a0Semaine m\u00e9diterran\u00e9enne des leaders \u00e9conomiques sera orient\u00e9e sur les derni\u00e8res transformations r\u00e9gionales, en rassemblant\u00a0 les points de vues r\u00e9gionaux et europ\u00e9ens au regard des implications \u00e9conomiques des transitions politiques radicales et des moyens pour soutenir davantage les solutions Euro-M\u00e9diterran\u00e9ennes uf Cette ann\u00e9e, la MedaWeek2015 intitul\u00e9e \u00ab Ensemble, allons<br \/><a href=\"https:\/\/ufmsecretariat.org\/fr\/the-mediterranean-week-of-economic-leaders-2015\/\" class=\"more\">Lire la suite<\/a><\/p>\n","protected":false},"author":3,"featured_media":0,"comment_status":"open","ping_status":"open","sticky":false,"template":"","format":"standard","meta":{"footnotes":""},"categories":[76,162],"tags":[],"priority-area":[193],"class_list":["post-18441","post","type-post","status-publish","format-standard","hentry","category-developpement-des-entreprises","category-evenements","priority-area-business-development-fr"],"_links":{"self":[{"href":"https:\/\/ufmsecretariat.org\/fr\/wp-json\/wp\/v2\/posts\/18441","targetHints":{"allow":["GET"]}}],"collection":[{"href":"https:\/\/ufmsecretariat.org\/fr\/wp-json\/wp\/v2\/posts"}],"about":[{"href":"https:\/\/ufmsecretariat.org\/fr\/wp-json\/wp\/v2\/types\/post"}],"author":[{"embeddable":true,"href":"https:\/\/ufmsecretariat.org\/fr\/wp-json\/wp\/v2\/users\/3"}],"replies":[{"embeddable":true,"href":"https:\/\/ufmsecretariat.org\/fr\/wp-json\/wp\/v2\/comments?post=18441"}],"version-history":[{"count":4,"href":"https:\/\/ufmsecretariat.org\/fr\/wp-json\/wp\/v2\/posts\/18441\/revisions"}],"predecessor-version":[{"id":19419,"href":"https:\/\/ufmsecretariat.org\/fr\/wp-json\/wp\/v2\/posts\/18441\/revisions\/19419"}],"wp:attachment":[{"href":"https:\/\/ufmsecretariat.org\/fr\/wp-json\/wp\/v2\/media?parent=18441"}],"wp:term":[{"taxonomy":"category","embeddable":true,"href":"https:\/\/ufmsecretariat.org\/fr\/wp-json\/wp\/v2\/categories?post=18441"},{"taxonomy":"post_tag","embeddable":true,"href":"https:\/\/ufmsecretariat.org\/fr\/wp-json\/wp\/v2\/tags?post=18441"},{"taxonomy":"priority-area","embeddable":true,"href":"https:\/\/ufmsecretariat.org\/fr\/wp-json\/wp\/v2\/priority-area?post=18441"}],"curies":[{"name":"wp","href":"https:\/\/api.w.org\/{rel}","templated":true}]}}