
{"id":20022,"date":"2015-11-18T09:38:39","date_gmt":"2015-11-18T08:38:39","guid":{"rendered":"https:\/\/ufmsecretariat.org\/enhanced-regional-cooperation-a-strategic-objective-in-the-new-european-neighbourhood-policy-2\/"},"modified":"2015-11-23T17:05:10","modified_gmt":"2015-11-23T16:05:10","slug":"enhanced-regional-cooperation-a-strategic-objective-in-the-new-european-neighbourhood-policy","status":"publish","type":"post","link":"https:\/\/ufmsecretariat.org\/fr\/enhanced-regional-cooperation-a-strategic-objective-in-the-new-european-neighbourhood-policy\/","title":{"rendered":"Renforcer la coop\u00e9ration r\u00e9gionale: un objectif strat\u00e9gique de la nouvelle Politique europ\u00e9enne de voisinage"},"content":{"rendered":"<p><strong>Barcelone, le 18 Novembre 2015 <\/strong>&#8211; La Haute Repr\u00e9sentante de l&#8217;UE\/Vice-pr\u00e9sidente de la Commission europ\u00e9enne, Federica Mogherini, et le Commissaire \u00e0 l\u2019Elargissement et \u00e0 la Politique europ\u00e9enne de voisinage, Johannes Hahn, ont pr\u00e9sent\u00e9 mercredi 18 novembre le r\u00e9sultat du r\u00e9examen de la politique europ\u00e9enne de voisinage.<\/p>\n<p>La communication conjointe souligne que \u00ab\u00a0la coop\u00e9ration r\u00e9gionale dans le voisinage m\u00e9ridional a progress\u00e9 gr\u00e2ce \u00e0 l\u2019Union pour la M\u00e9diterran\u00e9e. \u00a0L\u2019organisation s\u2019est r\u00e9v\u00e9l\u00e9e \u00eatre un pr\u00e9cieux forum de discussion politique et \u00e9conomique\u00bb. \u00ab\u00a0De nombreux participants \u00e0 la consultation publique ont recommand\u00e9 d&#8217;approfondir la coop\u00e9ration\u00a0entre l\u2019UE et l\u2019Union pour la M\u00e9diterran\u00e9e\u00bb. \u00ab\u00a0L&#8217;Union europ\u00e9enne continuera \u00e0 dynamiser la coop\u00e9ration avec l&#8217;Union pour la M\u00e9diterran\u00e9e\u00a0\u00bb et donnera la priorit\u00e9 \u00e0 l&#8217;UpM dans le cadre de ses efforts de coop\u00e9ration r\u00e9gionale.<\/p>\n<p>Le Secr\u00e9tariat G\u00e9n\u00e9ral de l\u2019UpM accueille positivement le r\u00e9sultat de la r\u00e9vision de la PEV qui ouvre de nouvelles perspectives pour l&#8217;UpM. Il r\u00e9affirme sa disponibilit\u00e9 \u00e0 continuer \u00e0 r\u00e9pondre aux enjeux socio-\u00e9conomiques de fond, qui sont d\u00e9terminants face aux d\u00e9fis actuels en mati\u00e8re de s\u00e9curit\u00e9 et de migration, au travers du d\u00e9veloppement constant de ses activit\u00e9s et de leur fort potentiel pour renforcer la coop\u00e9ration r\u00e9gionale et mettre en \u0153uvre un agenda de d\u00e9veloppement commun en M\u00e9diterran\u00e9e.<\/p>\n<p>\u00ab\u00a0<em>Les d\u00e9fis importants \u00e0 relever en<\/em>\u00a0 <em>M\u00e9diterran\u00e9e \u00e9tant tous de dimension r\u00e9gionale, la coop\u00e9ration r\u00e9gionale est plus importante que jamais<\/em>\u00bb a d\u00e9clar\u00e9 Fathallah Sijilmassi, Secr\u00e9taire G\u00e9n\u00e9ral de l\u2019UpM. <em>&#8220;Gr\u00e2ce \u00e0 l\u2019appui de l&#8217;Union europ\u00e9enne et de la Jordanie, co-pr\u00e9sidents de l&#8217;UpM, et \u00e0 l\u2019implication active de tous les Etats membres, nos activit\u00e9s sont en rapide d\u00e9veloppement.\u00a0Il s\u2019agit maintenant de d\u00e9multiplier ces efforts et d\u2019amplifier leur impact<\/em>\u00a0\u00bb.<\/p>\n<p>\u00ab\u00a0<em>La politique europ\u00e9enne de voisinage est un puissant instrument pour conforter les efforts de coop\u00e9ration r\u00e9gionale. Je suis convaincu que la PEV r\u00e9vis\u00e9e nous aidera \u00e0 faire face aux d\u00e9fis prioritaires de la r\u00e9gion et \u00e0 promouvoir un agenda partag\u00e9 entre le Nord et le Sud. L&#8217;Union pour la M\u00e9diterran\u00e9e, qui est bas\u00e9e sur le principe de la co-appropriation, continuera \u00e0 saisir avec d\u00e9termination les opportunit\u00e9s positives qui r\u00e9pondent\u00a0 \u00e0 long terme aux d\u00e9fis pour la r\u00e9gion <\/em>&#8220;, a t-il ajout\u00e9.<\/p>\n<p>\u00ab\u00a0<em>Je compte \u00e9galement explorer les moyens de relier le d\u00e9veloppement de nos activit\u00e9s op\u00e9rationnelles avec l&#8217;Afrique sub-saharienne et contribuer ainsi \u00e0 l&#8217;approche inclusive de la nouvelle politique de voisinage<\/em>&#8220;, a ajout\u00e9 Fathallah Sijilmassi.<\/p>\n<h4>Plus d&#8217;info<\/h4>\n<p><a href=\"https:\/\/ufmsecretariat.org\/\/wp-content\/uploads\/2015\/11\/20151118_Joint-Comm_-Review-of-the-European-Neighbourhood-Policy.pdf\" target=\"_blank\">Joint Communication Review of the European Neighbourhood Policy (ENP)<\/a>\u00a0 &#8211; (EN)<\/p>\n","protected":false},"excerpt":{"rendered":"<p>\u2022\tMme Mogherini et le Commissaire europ\u00e9en Johannes Hahn ont pr\u00e9sent\u00e9 mercredi 18 novembre dans une communication conjointe les r\u00e9sultats du r\u00e9examen de la politique europ\u00e9enne de voisinage.<br \/>\n\u2022\tLe document souligne que \u00ab la coop\u00e9ration r\u00e9gionale dans le voisinage m\u00e9ridional a progress\u00e9 gr\u00e2ce \u00e0 l\u2019Union pour la M\u00e9diterran\u00e9e. L\u2019organisation s\u2019est r\u00e9v\u00e9l\u00e9e \u00eatre un pr\u00e9cieux forum de discussion politique et \u00e9conomique \u00bb.<br \/>\n\u2022\t\u00ab L&#8217;Union europ\u00e9enne continuera \u00e0 dynamiser la coop\u00e9ration avec l&#8217;Union pour la M\u00e9diterran\u00e9e et donnera la priorit\u00e9 \u00e0 l&#8217;UpM dans le cadre de ses efforts de coop\u00e9ration r\u00e9gionale \u00bb.<\/p>\n","protected":false},"author":3,"featured_media":16141,"comment_status":"open","ping_status":"open","sticky":false,"template":"","format":"standard","meta":{"footnotes":""},"categories":[92,85],"tags":[],"priority-area":[],"class_list":["post-20022","post","type-post","status-publish","format-standard","has-post-thumbnail","hentry","category-actualites","category-actualites-phares"],"_links":{"self":[{"href":"https:\/\/ufmsecretariat.org\/fr\/wp-json\/wp\/v2\/posts\/20022","targetHints":{"allow":["GET"]}}],"collection":[{"href":"https:\/\/ufmsecretariat.org\/fr\/wp-json\/wp\/v2\/posts"}],"about":[{"href":"https:\/\/ufmsecretariat.org\/fr\/wp-json\/wp\/v2\/types\/post"}],"author":[{"embeddable":true,"href":"https:\/\/ufmsecretariat.org\/fr\/wp-json\/wp\/v2\/users\/3"}],"replies":[{"embeddable":true,"href":"https:\/\/ufmsecretariat.org\/fr\/wp-json\/wp\/v2\/comments?post=20022"}],"version-history":[{"count":3,"href":"https:\/\/ufmsecretariat.org\/fr\/wp-json\/wp\/v2\/posts\/20022\/revisions"}],"predecessor-version":[{"id":20037,"href":"https:\/\/ufmsecretariat.org\/fr\/wp-json\/wp\/v2\/posts\/20022\/revisions\/20037"}],"wp:featuredmedia":[{"embeddable":true,"href":"https:\/\/ufmsecretariat.org\/fr\/wp-json\/wp\/v2\/media\/16141"}],"wp:attachment":[{"href":"https:\/\/ufmsecretariat.org\/fr\/wp-json\/wp\/v2\/media?parent=20022"}],"wp:term":[{"taxonomy":"category","embeddable":true,"href":"https:\/\/ufmsecretariat.org\/fr\/wp-json\/wp\/v2\/categories?post=20022"},{"taxonomy":"post_tag","embeddable":true,"href":"https:\/\/ufmsecretariat.org\/fr\/wp-json\/wp\/v2\/tags?post=20022"},{"taxonomy":"priority-area","embeddable":true,"href":"https:\/\/ufmsecretariat.org\/fr\/wp-json\/wp\/v2\/priority-area?post=20022"}],"curies":[{"name":"wp","href":"https:\/\/api.w.org\/{rel}","templated":true}]}}