
{"id":21398,"date":"2016-03-14T12:23:17","date_gmt":"2016-03-14T11:23:17","guid":{"rendered":"https:\/\/ufmsecretariat.org\/workshop-on-edile-and-emipo-projects-promoting-inclusive-investment-in-the-mediterranean-2\/"},"modified":"2022-05-30T09:33:07","modified_gmt":"2022-05-30T08:33:07","slug":"workshop-on-edile-and-emipo-projects-promoting-inclusive-investment-in-the-mediterranean","status":"publish","type":"post","link":"https:\/\/ufmsecretariat.org\/fr\/workshop-on-edile-and-emipo-projects-promoting-inclusive-investment-in-the-mediterranean\/","title":{"rendered":"Workshop on EDILE and EMIPO projects &#8220;Promoting inclusive investment in the Mediterranean&#8221;"},"content":{"rendered":"<p><strong>14-15 March\u00a02016, Barcelona<\/strong><\/p>\n<p style=\"text-align: justify;\">Under the UfM strategy for the private sector, the two projects &#8220;Economic Development through Inclusive and Local Empowerment &#8211; EDILE&#8221; and &#8220;EUROMED Invest Promotion &amp; Observatory \u2013 EMIPO&#8221; were labelled on November 26, 2015 to promote investment and support the development of the private sector in the Mediterranean region.<\/p>\n<p style=\"text-align: justify;\">Participants from the public and private sector will debate inclusive investment in the Mediterranean. The 2 UfM labelled projects will be officially launched.<!--more--><\/p>\n<h4 style=\"text-align: center;\">Programme: Monday 14 March 2016<\/h4>\n<p><strong>Morning Session: UfM-ANIMA partnership kick-off<\/strong><\/p>\n<p>09:00 &#8211; 09:30 \u00a0 \u00a0 \u00a0 \u00a0 \u00a0 \u00a0 Arrival of Participants<\/p>\n<p>09:30 &#8211; 9:45\u00a0\u00a0\u00a0\u00a0\u00a0\u00a0\u00a0\u00a0\u00a0\u00a0\u00a0\u00a0\u00a0\u00a0\u00a0 Launching of UfM labelled projects: EDILE &amp; EMIPO<br \/>\nClaudio Cortese (Union for the Mediterranean)<\/p>\n<p>9:45 &#8211; 10:15\u00a0\u00a0\u00a0\u00a0\u00a0\u00a0\u00a0\u00a0\u00a0\u00a0\u00a0\u00a0\u00a0\u00a0\u00a0 10 years of Foreign Investment in the Mediterranean: Major trends and current initiatives (ANIMA)<\/p>\n<p>10:15 &#8211; 12:00\u00a0\u00a0\u00a0\u00a0\u00a0\u00a0\u00a0\u00a0\u00a0\u00a0\u00a0\u00a0\u00a0 Panel Discussion 1: Bridging the gaps between investors, public authorities and civil society to foster economic integration and inclusive growth<\/p>\n<p>Moderator: Emmanuel Noutary (ANIMA)<\/p>\n<p>Fearghus Roche (ASCAME), Rabih Sabra (CCIA-BML, Lebanon), Othmane Akili (APII, Tunisia), Mongia Khemiri (Ministry of Development and International Cooperation, Tunisia), Dirk Vantyghem (Eurochambres), Riadh Zayane (CONECT, Tunisia), Rajae Tazi Sidqui (CGEM\/BusinessMed), Claudio Cortese (UfM)<\/p>\n<p>12:30 \u2013 14:30\u00a0\u00a0\u00a0\u00a0\u00a0\u00a0\u00a0\u00a0\u00a0\u00a0\u00a0\u00a0 Networking and Lunch<\/p>\n<p><strong>Afternoon Session: EDILE regional seminar opening<\/strong><\/p>\n<p>14:30 &#8211; 15:45 \u00a0\u00a0\u00a0\u00a0\u00a0\u00a0\u00a0\u00a0\u00a0\u00a0\u00a0\u00a0 Panel Discussion 2: What kind of foreign investment contributes better to local development?<\/p>\n<p>Moderator: Javier Albarrac\u00edn (IEMed)<\/p>\n<p>J\u00e9r\u00e9mie Malbrancke (classM, France), Jihane Lmimouni (AMDI, Morocco), Hatem Essoussi (FIPA, Tunisia), Abbas Ramadan (UNDP\/IDAL, Lebanon), Haytham Wahidi (PIPA, Palestine)<\/p>\n<p>15:45 &#8211; 16:15 \u00a0\u00a0\u00a0\u00a0\u00a0\u00a0\u00a0\u00a0\u00a0\u00a0\u00a0 Coffee Break<\/p>\n<p>16:15 &#8211; 17:30 \u00a0\u00a0\u00a0\u00a0\u00a0\u00a0\u00a0\u00a0\u00a0\u00a0\u00a0\u00a0 Panel Discussion 3: Which new finance and investment models to achieve more inclusive growth?<\/p>\n<p>Moderator: Roderick Egal (iesMed SCEL)<\/p>\n<p>Priscilla Carpenter (CoopMed), Ramon Pascual (Coop57), Alexandre Laing (Bulb in Town), Xavier Su\u00e1rez Muntan\u00e9 (Fundaci\u00f3 Catalunya-La Pedrera)<\/p>\n<p>17:30 &#8211; 18:00 \u00a0 \u00a0\u00a0\u00a0\u00a0\u00a0\u00a0\u00a0\u00a0\u00a0\u00a0\u00a0 Concluding Remarks and Wrap-Up of Day 1<\/p>\n<h4 style=\"text-align: center;\">Programme: Tuesday 15 March 2016<\/h4>\n<p><strong>EDILE regional seminar &#8211; Day 2<\/strong><\/p>\n<p>09:00 &#8211; 09:30 \u00a0 \u00a0 \u00a0 \u00a0 \u00a0 \u00a0 Arrival of Participants<\/p>\n<p>09:30 &#8211; 9:45\u00a0\u00a0\u00a0\u00a0\u00a0\u00a0\u00a0\u00a0\u00a0\u00a0\u00a0\u00a0\u00a0\u00a0\u00a0 Welcome Remarks and Objectives of Day 2 (iesMed)<\/p>\n<p>9:45 &#8211; 10:45\u00a0\u00a0\u00a0\u00a0\u00a0\u00a0\u00a0\u00a0\u00a0\u00a0\u00a0\u00a0\u00a0\u00a0\u00a0 Landmark Projects in Social and Solidarity Economy (SSE):<br \/>\n2 Successful Case Studies<\/p>\n<p>Angel Campabadal \/ Joan Carol (Som Energia, Catalonia, Spain)<br \/>\nSimon Cossus (Enercoop, Languedoc-Roussillon, France)<\/p>\n<p>10:45 &#8211; 11:15\u00a0\u00a0\u00a0\u00a0\u00a0\u00a0\u00a0\u00a0\u00a0\u00a0\u00a0\u00a0\u00a0 Coffee Break<\/p>\n<p>11:15 &#8211; 12:15\u00a0\u00a0\u00a0\u00a0\u00a0\u00a0\u00a0\u00a0\u00a0\u00a0\u00a0\u00a0\u00a0 Local Financial Ecosystem\u00a0Insights: Global Issues, Local Practices<\/p>\n<p>Emmanuelle Maudet (France Active)<\/p>\n<p>12:15 &#8211; 13:30\u00a0\u00a0\u00a0\u00a0\u00a0\u00a0\u00a0\u00a0\u00a0\u00a0\u00a0\u00a0\u00a0 360-degree Assessment Workshop<\/p>\n<p>Miquel Mir\u00f3 (GICOOP)<\/p>\n<p>13:30 &#8211; 15:00\u00a0\u00a0\u00a0\u00a0\u00a0\u00a0\u00a0\u00a0\u00a0\u00a0\u00a0\u00a0\u00a0 Lunch Break<\/p>\n<p>15:00 &#8211; 16:30\u00a0\u00a0\u00a0\u00a0\u00a0\u00a0\u00a0\u00a0\u00a0\u00a0\u00a0\u00a0\u00a0 Assessing and maximising local impacts with the EDILE label: performance gains, support and promotion for investors<\/p>\n<p>ANIMA, API, CCIA-BML, classM, Dr Abiad-AUB<\/p>\n<p>16:30 &#8211; 17:00\u00a0\u00a0\u00a0\u00a0\u00a0\u00a0\u00a0\u00a0\u00a0\u00a0\u00a0\u00a0\u00a0 Conclusion and Final Words<\/p>\n<p>iesMed, ANIMA<\/p>\n<p style=\"text-align: justify;\"><em>The EDILE project is implemented under the ENPI CBC Mediterranean Sea Basin Program (www.enpicbcmed.eu), and is financed, for an amount of EUR 1.7 million, by the European Union through the European Neighbourhood and Partnership Instrument. The ENPI CBC MED Programme aims at reinforcing cooperation between the European Union and partner countries regions placed along the shores of the Mediterranean Sea.<\/em> <em>The EDILE label aims at identifying and promoting investment projects which have a positive impact on their implantation territory, in the following terms\u00a0: economic (good practices and contribution to local economy), social (respect and promotion of employees), environmental (taking the ecological factor into account), and community (value creation at local level).<\/em><\/p>\n","protected":false},"excerpt":{"rendered":"<p>14-15 March\u00a02016, Barcelona Under the UfM strategy for the private sector, the two projects &#8220;Economic Development through Inclusive and Local Empowerment &#8211; EDILE&#8221; and &#8220;EUROMED Invest Promotion &amp; Observatory \u2013 EMIPO&#8221; were labelled on November 26, 2015 to promote investment and support the development of the private sector in the Mediterranean region. Participants from the<br \/><a href=\"https:\/\/ufmsecretariat.org\/fr\/workshop-on-edile-and-emipo-projects-promoting-inclusive-investment-in-the-mediterranean\/\" class=\"more\">Lire la suite<\/a><\/p>\n","protected":false},"author":3,"featured_media":0,"comment_status":"open","ping_status":"open","sticky":false,"template":"","format":"standard","meta":{"footnotes":""},"categories":[162],"tags":[],"priority-area":[193],"class_list":["post-21398","post","type-post","status-publish","format-standard","hentry","category-evenements","priority-area-business-development-fr"],"_links":{"self":[{"href":"https:\/\/ufmsecretariat.org\/fr\/wp-json\/wp\/v2\/posts\/21398","targetHints":{"allow":["GET"]}}],"collection":[{"href":"https:\/\/ufmsecretariat.org\/fr\/wp-json\/wp\/v2\/posts"}],"about":[{"href":"https:\/\/ufmsecretariat.org\/fr\/wp-json\/wp\/v2\/types\/post"}],"author":[{"embeddable":true,"href":"https:\/\/ufmsecretariat.org\/fr\/wp-json\/wp\/v2\/users\/3"}],"replies":[{"embeddable":true,"href":"https:\/\/ufmsecretariat.org\/fr\/wp-json\/wp\/v2\/comments?post=21398"}],"version-history":[{"count":5,"href":"https:\/\/ufmsecretariat.org\/fr\/wp-json\/wp\/v2\/posts\/21398\/revisions"}],"predecessor-version":[{"id":135836,"href":"https:\/\/ufmsecretariat.org\/fr\/wp-json\/wp\/v2\/posts\/21398\/revisions\/135836"}],"wp:attachment":[{"href":"https:\/\/ufmsecretariat.org\/fr\/wp-json\/wp\/v2\/media?parent=21398"}],"wp:term":[{"taxonomy":"category","embeddable":true,"href":"https:\/\/ufmsecretariat.org\/fr\/wp-json\/wp\/v2\/categories?post=21398"},{"taxonomy":"post_tag","embeddable":true,"href":"https:\/\/ufmsecretariat.org\/fr\/wp-json\/wp\/v2\/tags?post=21398"},{"taxonomy":"priority-area","embeddable":true,"href":"https:\/\/ufmsecretariat.org\/fr\/wp-json\/wp\/v2\/priority-area?post=21398"}],"curies":[{"name":"wp","href":"https:\/\/api.w.org\/{rel}","templated":true}]}}