
{"id":216841,"date":"2025-03-17T12:01:26","date_gmt":"2025-03-17T11:01:26","guid":{"rendered":"https:\/\/ufmsecretariat.org\/ufm-interreg-mou\/"},"modified":"2025-03-18T10:32:29","modified_gmt":"2025-03-18T09:32:29","slug":"ufm-interreg-mou","status":"publish","type":"post","link":"https:\/\/ufmsecretariat.org\/fr\/ufm-interreg-mou\/","title":{"rendered":"L&#8217;UpM et Interreg NEXT MED renouvellent leur engagement \u00e0 relever ensemble les d\u00e9fis r\u00e9gionaux"},"content":{"rendered":"<p><strong>Barcelone, 12 mars 2025 &#8211; <\/strong>L&#8217;Union pour la M\u00e9diterran\u00e9e et <a href=\"https:\/\/www.interregnextmed.eu\/fr\/\" target=\"_blank\" rel=\"noopener\">Interreg NEXT MED<\/a>, le plus vaste programme de coop\u00e9ration transnationale financ\u00e9 par l&#8217;UE promouvant le d\u00e9veloppement socio-\u00e9conomique et les initiatives environnementales dans le bassin m\u00e9diterran\u00e9en, ont conclu un accord prolongeant officiellement la collaboration entre les deux parties pour une dur\u00e9e minimale de trois ann\u00e9es suppl\u00e9mentaires.<\/p>\n<p>Le protocole d&#8217;accord, lequel souligne les efforts d\u00e9ploy\u00e9s par les deux institutions euro-m\u00e9diterran\u00e9ennes visant \u00e0 renforcer les liens politiques, socio-\u00e9conomiques et culturels dans la r\u00e9gion, a \u00e9t\u00e9 sign\u00e9 par le secr\u00e9taire g\u00e9n\u00e9ral de l&#8217;UpM, Nasser Kamel, et la directrice g\u00e9n\u00e9rale du programme Interreg NEXT MED, Giovanna Medde. L&#8217;accord pr\u00e9voit, de mani\u00e8re significative, une participation mutuelle \u00e0 des \u00e9v\u00e9nements et des conf\u00e9rences et, le cas \u00e9ch\u00e9ant, des invitations \u00e0 participer \u00e0 des r\u00e9unions internes en tant qu&#8217;observateurs. Cet accord permettra \u00e9galement aux organisations de continuer \u00e0 \u00e9changer des informations sur des projets d&#8217;int\u00e9r\u00eat commun, \u00e0 identifier des actions de coordination conjointes et d&#8217;accro\u00eetre ensemble l&#8217;attention port\u00e9e aux d\u00e9fis r\u00e9gionaux.<\/p>\n<p>\u00ab L&#8217;UpM et Interreg NEXT MED sont unis par l&#8217;objectif commun de renforcer le dialogue et la coop\u00e9ration entre les pays m\u00e9diterran\u00e9ens. Le succ\u00e8s indiscutable de notre partenariat au fil des ans est un signe positif pour l&#8217;avenir \u00bb, a d\u00e9clar\u00e9 le secr\u00e9taire g\u00e9n\u00e9ral de l&#8217;UpM, Nasser Kamel. \u00ab L&#8217;UpM reste convaincue de l&#8217;influence constructive \u00e0 long terme de cette alliance et se r\u00e9jouit \u00e0 la perspective de trois ann\u00e9es suppl\u00e9mentaires de r\u00e9alisations communes \u00bb.<\/p>\n<p>Le partenariat de longue date entre ces institutions euro-m\u00e9diterran\u00e9ennes a abouti \u00e0 une multitude d&#8217;actions percutantes, notamment la participation d&#8217;Interreg NEXT MED au <a href=\"https:\/\/ufmsecretariat.org\/mediterraneanpavilion\/\" target=\"_blank\" rel=\"noopener\">pavillon m\u00e9diterran\u00e9en<\/a> parrain\u00e9 par l&#8217;UpM lors des trois derni\u00e8res conf\u00e9rences des Nations Unies sur le changement climatique, la comm\u00e9moration de l&#8217;<a href=\"https:\/\/ufmsecretariat.org\/fr\/30bcnprocess\/\" target=\"_blank\" rel=\"noopener\">anniversaire du partenariat euro-m\u00e9diterran\u00e9en<\/a> et sa participation \u00e0 des forums th\u00e9matiques de l&#8217;UpM sur l&#8217;autonomisation des jeunes ou l&#8217;\u00e9conomie bleue, entre autres.<\/p>\n<p>\u00ab L&#8217;accord UPM-INTERREG NEXT MED a contribu\u00e9 \u00e0 am\u00e9liorer la coordination entre les deux institutions \u00bb, a d\u00e9clar\u00e9 Giovanna Medde, directrice g\u00e9n\u00e9rale du programme Interreg NEXT MED. \u00ab Il est essentiel de d\u00e9velopper et de mettre en \u0153uvre des solutions communes aux d\u00e9fis complexes auxquels notre r\u00e9gion est confront\u00e9e. Je suis convaincue que son renouvellement nous aidera \u00e0 nous rapprocher de notre objectif commun d&#8217;une M\u00e9diterran\u00e9e plus int\u00e9gr\u00e9e, plus pacifique et plus prosp\u00e8re \u00bb.<\/p>\n","protected":false},"excerpt":{"rendered":"<p>Barcelone, 12 mars 2025 &#8211; L&#8217;Union pour la M\u00e9diterran\u00e9e et Interreg NEXT MED, le plus vaste programme de coop\u00e9ration transnationale financ\u00e9 par l&#8217;UE promouvant le d\u00e9veloppement socio-\u00e9conomique et les initiatives environnementales dans le bassin m\u00e9diterran\u00e9en, ont conclu un accord prolongeant officiellement la collaboration entre les deux parties pour une dur\u00e9e minimale de trois ann\u00e9es suppl\u00e9mentaires.<br \/><a href=\"https:\/\/ufmsecretariat.org\/fr\/ufm-interreg-mou\/\" class=\"more\">Lire la suite<\/a><\/p>\n","protected":false},"author":38,"featured_media":216068,"comment_status":"open","ping_status":"open","sticky":false,"template":"","format":"standard","meta":{"footnotes":""},"categories":[92,85],"tags":[],"priority-area":[198],"class_list":["post-216841","post","type-post","status-publish","format-standard","has-post-thumbnail","hentry","category-actualites","category-actualites-phares","priority-area-energy-climate-action-fr"],"_links":{"self":[{"href":"https:\/\/ufmsecretariat.org\/fr\/wp-json\/wp\/v2\/posts\/216841","targetHints":{"allow":["GET"]}}],"collection":[{"href":"https:\/\/ufmsecretariat.org\/fr\/wp-json\/wp\/v2\/posts"}],"about":[{"href":"https:\/\/ufmsecretariat.org\/fr\/wp-json\/wp\/v2\/types\/post"}],"author":[{"embeddable":true,"href":"https:\/\/ufmsecretariat.org\/fr\/wp-json\/wp\/v2\/users\/38"}],"replies":[{"embeddable":true,"href":"https:\/\/ufmsecretariat.org\/fr\/wp-json\/wp\/v2\/comments?post=216841"}],"version-history":[{"count":2,"href":"https:\/\/ufmsecretariat.org\/fr\/wp-json\/wp\/v2\/posts\/216841\/revisions"}],"predecessor-version":[{"id":216844,"href":"https:\/\/ufmsecretariat.org\/fr\/wp-json\/wp\/v2\/posts\/216841\/revisions\/216844"}],"wp:featuredmedia":[{"embeddable":true,"href":"https:\/\/ufmsecretariat.org\/fr\/wp-json\/wp\/v2\/media\/216068"}],"wp:attachment":[{"href":"https:\/\/ufmsecretariat.org\/fr\/wp-json\/wp\/v2\/media?parent=216841"}],"wp:term":[{"taxonomy":"category","embeddable":true,"href":"https:\/\/ufmsecretariat.org\/fr\/wp-json\/wp\/v2\/categories?post=216841"},{"taxonomy":"post_tag","embeddable":true,"href":"https:\/\/ufmsecretariat.org\/fr\/wp-json\/wp\/v2\/tags?post=216841"},{"taxonomy":"priority-area","embeddable":true,"href":"https:\/\/ufmsecretariat.org\/fr\/wp-json\/wp\/v2\/priority-area?post=216841"}],"curies":[{"name":"wp","href":"https:\/\/api.w.org\/{rel}","templated":true}]}}