
{"id":21762,"date":"2016-02-24T12:52:12","date_gmt":"2016-02-24T11:52:12","guid":{"rendered":"https:\/\/ufmsecretariat.org\/ufm-launches-new-regional-cooperation-project-2\/"},"modified":"2016-02-24T16:38:57","modified_gmt":"2016-02-24T15:38:57","slug":"ufm-launches-new-regional-cooperation-project","status":"publish","type":"post","link":"https:\/\/ufmsecretariat.org\/fr\/ufm-launches-new-regional-cooperation-project\/","title":{"rendered":"L&#8217;UpM lance un nouveau projet de coop\u00e9ration r\u00e9gionale"},"content":{"rendered":"<p><strong>Bruxelles, le 24\u00a0f\u00e9vrier\u00a02016 \u2013<\/strong> Une approche de coop\u00e9ration environnementale participative et aux multiples parties prenantes est au c\u0153ur du projet de l&#8217;UpM \u00ab\u00a0<a href=\"https:\/\/ufmsecretariat.org\/\/fr\/bluegreen-med-cs\/\" target=\"_blank\">BlueGreen Med-CS\u00a0; Mise en r\u00e9seau avec les organisations de la soci\u00e9t\u00e9 civile dans la r\u00e9gion m\u00e9diterran\u00e9enne pour la gestion de l&#8217;eau et de l&#8217;environnement\u00a0\u00bb<\/a>, lanc\u00e9 ce 23\u00a0f\u00e9vrier \u00e0 Bruxelles par un consortium constitu\u00e9 du Bureau m\u00e9diterran\u00e9en d&#8217;information sur l&#8217;environnement, la culture et le d\u00e9veloppement durable (MIO-ECSDE), du R\u00e9seau arabe pour l&#8217;Environnement et du D\u00e9veloppement (RAED), du Bureau m\u00e9diterran\u00e9en du programme WWF (WWF MedPO), du Centre de Coop\u00e9ration pour la M\u00e9diterran\u00e9e de l&#8217;UICN (IUCN-Med), de l&#8217;Institut M\u00e9diterran\u00e9en de l&#8217;Eau (IME) et de l&#8217;Initiative pour les zones humides m\u00e9diterran\u00e9ennes (Med Wet), avec le soutien du Secr\u00e9tariat G\u00e9n\u00e9ral de l\u2019UPM.<\/p>\n<p>Le projet s&#8217;inscrit dans la lign\u00e9e de la <a href=\"https:\/\/ufmsecretariat.org\/\/fr\/euro-mediterranean-cooperation-on-environment-and-climate-change-ufm-holds-ministerial-meeting-in-athens\/\" target=\"_blank\">d\u00e9claration minist\u00e9rielle de l&#8217;UpM sur le changement climatique et l&#8217;environnement<\/a> adopt\u00e9e le 13\u00a0mai\u00a02014. Il met l\u2019accent sur le r\u00f4le pr\u00e9pond\u00e9rant des organisations de la soci\u00e9t\u00e9 civile dans l&#8217;atteinte des objectifs li\u00e9s \u00e0 la gestion de l&#8217;eau et de l\u2019environnement.<\/p>\n<p><strong><em>Un programme pour promouvoir la participation des OSC euro-m\u00e9diterran\u00e9ennes dans la gestion de l&#8217;eau et de l&#8217;environnement<\/em><\/strong><\/p>\n<p>BlueGreen Med-CS permettra de mettre en lien les initiatives environnementales nationales et r\u00e9gionales en encourageant de nouvelles opportunit\u00e9s de coop\u00e9ration et de financement dans le domaine de l&#8217;eau et de l&#8217;environnement au sein des organisations de la soci\u00e9t\u00e9 civile (OSC) et en renfor\u00e7ant celles d\u00e9j\u00e0 existantes.<\/p>\n<p>Ce projet favorisera le dialogue et la collaboration entre les OSC du Nord et du Sud engag\u00e9es dans la gestion de l&#8217;eau et de l\u2019environnement et permettra aux OSC du Sud de participer aux activit\u00e9s de d\u00e9veloppement des comp\u00e9tences de l&#8217;initiative <a href=\"https:\/\/ec.europa.eu\/programmes\/horizon2020\/en\/\" target=\"_blank\">Horizon\u00a02020<\/a>, qui incluent le mentorat, le partage d&#8217;informations et la mise en place de projets et de pratiques pour une meilleure gestion de l\u2019environnement.<\/p>\n<p>Le Secr\u00e9taire g\u00e9n\u00e9ral adjoint par int\u00e9rim pour l&#8217;Eau et l\u2019Environnement de l&#8217;UpM, Almotaz Abadi, a soulign\u00e9 l&#8217;importance du projet: <em>\u00ab\u00a0la promotion de la coop\u00e9ration r\u00e9gionale dans le domaine du d\u00e9veloppement durable est essentielle pour l&#8217;int\u00e9gration de la r\u00e9gion, la stabilit\u00e9 et l&#8217;am\u00e9lioration des conditions de vie dans la r\u00e9gion m\u00e9diterran\u00e9enne. Ce projet permet d\u2019impliquer les organisations de la soci\u00e9t\u00e9 civile dans le dialogue sur les politiques de gestion de l&#8217;eau et de l\u2019environnement en vue de la mise en place de synergies et d&#8217;actions nationales et r\u00e9gionales coordonn\u00e9es qui visent ces objectifs communs\u00a0\u00bb.<\/em><\/p>\n<p>BlueGreen Med-CS s&#8217;inscrit dans la lign\u00e9e du <a href=\"http:\/\/www.un.org\/sustainabledevelopment\/fr\/\" target=\"_blank\">Programme de d\u00e9veloppement durable \u00e0 l&#8217;horizon\u00a02030<\/a> et de l&#8217;approche strat\u00e9gique de l&#8217;UpM pour promouvoir le d\u00e9veloppement durable dans la r\u00e9gion m\u00e9diterran\u00e9enne gr\u00e2ce \u00e0 des initiatives et projets visant la protection de l\u2019environnement, des actions pour le climat, lee d\u00e9veloppement urbain durable et l&#8217;acc\u00e8s \u00e0 l&#8217;eau et la r\u00e9duction de la pollution. Actuellement, 650\u00a0millions de tonnes d&#8217;eaux us\u00e9es sont d\u00e9vers\u00e9es chaque ann\u00e9e dans la mer M\u00e9diterran\u00e9e, alors que 90\u00a0ans sont n\u00e9cessaires pour que son eau se renouvelle.<\/p>\n<p>Un partenariat op\u00e9rationnel avec le <strong>Programme des Nations Unies pour le d\u00e9veloppement et le Programme de micro financements du Fonds pour l&#8217;environnement mondial<\/strong> a \u00e9t\u00e9 r\u00e9cemment mis en place pour am\u00e9liorer la coordination entre les programmes et les proc\u00e9dures aux niveaux r\u00e9gional et national.<\/p>\n<p>Le projet a \u00e9t\u00e9 lanc\u00e9 \u00e0 l&#8217;occasion de la r\u00e9union annuelle du sous-groupe \u00ab\u00a0Renforcement des Capacit\u00e9s\u00a0\u00bb de l&#8217;<strong>Initiative Horizon\u00a02020 pour une Mer M\u00e9diterran\u00e9e plus propre<\/strong>, qui vise \u00e0 r\u00e9duire les sources de pollution d&#8217;ici \u00e0 2020. Ces sources, qui repr\u00e9sentent environ 80\u00a0% de la pollution en Mer M\u00e9diterran\u00e9e, sont les d\u00e9chets municipaux, les eaux urbaines r\u00e9siduaires et la pollution industrielle. Le projet BlueGreen Med-CS apporte son soutien \u00e0 la soci\u00e9t\u00e9 civile concernant le programme de renforcement des capacit\u00e9s de l&#8217;initiative Horizon\u00a02020.<\/p>\n<p>Pr\u00e8s de 80\u00a0repr\u00e9sentants des gouvernements des pays du Sud et du Nord de la M\u00e9diterran\u00e9e, des organisations de la soci\u00e9t\u00e9 civile, des institutions financi\u00e8res internationales et des organisations partenaires r\u00e9gionales ont particip\u00e9 \u00e0 cette rencontre annuelle.<\/p>\n<h4><strong>\u00c0 propos de l\u2019UpM<\/strong><\/h4>\n<p><strong>L\u2019Union pour la M\u00e9diterran\u00e9e (UpM)<\/strong> est une organisation intergouvernementale rassemblant 43\u00a0pays\u00a0: 28\u00a0\u00c9tats membres de l&#8217;Union europ\u00e9enne et 15\u00a0pays du Sud et de l\u2019Est de la M\u00e9diterran\u00e9e. Elle est la plateforme pour le dialogue politique, la coordination et la coop\u00e9ration r\u00e9gionale en M\u00e9diterran\u00e9e.<\/p>\n<p><strong>Le Secr\u00e9tariat g\u00e9n\u00e9ral de l&#8217;Union pour la M\u00e9diterran\u00e9e<\/strong><em>, \u00e9tabli \u00e0 Barcelone en 2010, a pour objectif de promouvoir la coop\u00e9ration et l\u2019int\u00e9gration r\u00e9gionales \u00e0 travers le dialogue r\u00e9gional et la mise en \u0153uvre <\/em>d\u2019initiatives et <em>de <\/em>projets concrets ayant un impact tangible pour les populations. Le Secr\u00e9tariat g\u00e9n\u00e9ral a d\u00e9velopp\u00e9 et acc\u00e9l\u00e9r\u00e9 la mise en \u0153uvre de nouveaux projets r\u00e9gionaux qui constituent des moteurs socio-\u00e9conomiques et strat\u00e9giques cl\u00e9s\u00a0: plus de 40\u00a0projets r\u00e9gionaux ont \u00e9t\u00e9 labellis\u00e9s pour une valeur de plus de 5\u00a0milliards d\u2019euros. Ces projets concernent les domaines de la croissance inclusive, l\u2019employabilit\u00e9 des jeunes, l\u2019autonomisation des femmes et la promotion de la mobilit\u00e9 des \u00e9tudiants ainsi que le d\u00e9veloppement urbain int\u00e9gr\u00e9 et le d\u00e9veloppement durable. <em>Le Secr\u00e9tariat travaille en \u00e9troite collaboration avec les gouvernements et un r\u00e9seau actif de partenaires euro-m\u00e9diterran\u00e9ens pour appuyer les promoteurs de projet pendant tout le cycle des projets: de l\u2019assistance technique jusqu\u2019\u00e0 la r\u00e9alisation, y compris la planification financi\u00e8re et la collecte de fonds<\/em><em>.<\/em><\/p>\n","protected":false},"excerpt":{"rendered":"<p>\u2022\tLe projet BlueGreen Med-CS a pour objectif de promouvoir la coop\u00e9ration dans le domaine de la gestion de l&#8217;eau et de l\u2019environnement au sein de la soci\u00e9t\u00e9 civile<\/p>\n<p>\u2022\tLe projet est fond\u00e9 sur un programme de renforcement des capacit\u00e9s qui permettra \u00e0 plus de 120 organisations de la soci\u00e9t\u00e9 civile (OSC) de confronter leurs comp\u00e9tences dans divers domaines li\u00e9s \u00e0 l\u2019environnement.<\/p>\n<p>\u2022\tAvec un budget initial de 3,3 millions d&#8217;euros, ce projet sera mis en \u0153uvre en Albanie, en Alg\u00e9rie, au Liban, au Maroc et en Tunisie de 2015 \u00e0 2017, en partenariat avec l&#8217;Initiative Horizon 2020 et le Programme des Nations Unies pour le d\u00e9veloppement.<\/p>\n","protected":false},"author":3,"featured_media":21759,"comment_status":"open","ping_status":"open","sticky":false,"template":"","format":"standard","meta":{"footnotes":""},"categories":[92,85,79],"tags":[],"priority-area":[201],"class_list":["post-21762","post","type-post","status-publish","format-standard","has-post-thumbnail","hentry","category-actualites","category-actualites-phares","category-eau-environnement","priority-area-water-environment-fr"],"_links":{"self":[{"href":"https:\/\/ufmsecretariat.org\/fr\/wp-json\/wp\/v2\/posts\/21762","targetHints":{"allow":["GET"]}}],"collection":[{"href":"https:\/\/ufmsecretariat.org\/fr\/wp-json\/wp\/v2\/posts"}],"about":[{"href":"https:\/\/ufmsecretariat.org\/fr\/wp-json\/wp\/v2\/types\/post"}],"author":[{"embeddable":true,"href":"https:\/\/ufmsecretariat.org\/fr\/wp-json\/wp\/v2\/users\/3"}],"replies":[{"embeddable":true,"href":"https:\/\/ufmsecretariat.org\/fr\/wp-json\/wp\/v2\/comments?post=21762"}],"version-history":[{"count":3,"href":"https:\/\/ufmsecretariat.org\/fr\/wp-json\/wp\/v2\/posts\/21762\/revisions"}],"predecessor-version":[{"id":21771,"href":"https:\/\/ufmsecretariat.org\/fr\/wp-json\/wp\/v2\/posts\/21762\/revisions\/21771"}],"wp:featuredmedia":[{"embeddable":true,"href":"https:\/\/ufmsecretariat.org\/fr\/wp-json\/wp\/v2\/media\/21759"}],"wp:attachment":[{"href":"https:\/\/ufmsecretariat.org\/fr\/wp-json\/wp\/v2\/media?parent=21762"}],"wp:term":[{"taxonomy":"category","embeddable":true,"href":"https:\/\/ufmsecretariat.org\/fr\/wp-json\/wp\/v2\/categories?post=21762"},{"taxonomy":"post_tag","embeddable":true,"href":"https:\/\/ufmsecretariat.org\/fr\/wp-json\/wp\/v2\/tags?post=21762"},{"taxonomy":"priority-area","embeddable":true,"href":"https:\/\/ufmsecretariat.org\/fr\/wp-json\/wp\/v2\/priority-area?post=21762"}],"curies":[{"name":"wp","href":"https:\/\/api.w.org\/{rel}","templated":true}]}}