
{"id":21827,"date":"2016-02-26T16:25:03","date_gmt":"2016-02-26T15:25:03","guid":{"rendered":"https:\/\/ufmsecretariat.org\/ministerial-meeting-of-the-med-group-ufm-secretary-general-presents-state-of-play-and-perspectives-for-regional-integration-in-the-mediterranean-2\/"},"modified":"2020-02-17T17:37:09","modified_gmt":"2020-02-17T16:37:09","slug":"ministerial-meeting-of-the-med-group-ufm-secretary-general-presents-state-of-play-and-perspectives-for-regional-integration-in-the-mediterranean","status":"publish","type":"post","link":"https:\/\/ufmsecretariat.org\/fr\/ministerial-meeting-of-the-med-group-ufm-secretary-general-presents-state-of-play-and-perspectives-for-regional-integration-in-the-mediterranean\/","title":{"rendered":"R\u00e9union minist\u00e9rielle du \u00ab Med Group \u00bb : le Secr\u00e9taire g\u00e9n\u00e9ral de l\u2019UpM pr\u00e9sente l\u2019\u00e9tat des lieux et les perspectives de l\u2019int\u00e9gration r\u00e9gionale en M\u00e9diterran\u00e9e"},"content":{"rendered":"<p><strong>Barcelone, le 26\u00a0f\u00e9vrier\u00a02016<\/strong>. Sur invitation du ministre chypriote des Affaires \u00e9trang\u00e8res, Ioannis Kasoulides, le Secr\u00e9taire g\u00e9n\u00e9ral de l\u2019UpM, Fathallah Sijilmassi, a particip\u00e9 \u00e0 la troisi\u00e8me r\u00e9union du groupe informel \u00ab\u00a0Med Group\u00a0\u00bb, les 25 et 26\u00a0f\u00e9vrier, \u00e0 Limassol (Chypre).<\/p>\n<p>Sijilmassi a r\u00e9affirm\u00e9 la d\u00e9termination du Secr\u00e9tariat g\u00e9n\u00e9ral de l\u2019UpM \u00e0 continuer de lutter, gr\u00e2ce au d\u00e9veloppement constant de ses activit\u00e9s, contre les causes socio-\u00e9conomiques profondes des d\u00e9fis actuels en mati\u00e8re de s\u00e9curit\u00e9 et de migration. \u00c0 cet effet, un agenda commun renforc\u00e9 visant au d\u00e9veloppement humain ainsi qu\u2019\u00e0 la stabilit\u00e9 et \u00e0 l\u2019int\u00e9gration en M\u00e9diterran\u00e9e sera mis en place.<\/p>\n<p>Le Secr\u00e9tariat g\u00e9n\u00e9ral de l\u2019UpM a d\u00e9velopp\u00e9 plusieurs initiatives concr\u00e8tes significatives pour accro\u00eetre la coop\u00e9ration r\u00e9gionale. \u00c0 cette fin, M. Sijilmassi a pr\u00e9sent\u00e9 l\u2019\u00e9tat d\u2019avancement actuel des activit\u00e9s de l\u2019UpM\u00a0: 41\u00a0projets d\u2019une valeur de plus de 5\u00a0milliards d\u2019euros et ayant une r\u00e9percussion sur la vie de milliers de citoyens. Les activit\u00e9s de l\u2019UpM se concentrent essentiellement sur la <em>croissance inclusive, l\u2019employabilit\u00e9 des jeunes, l\u2019autonomisation des femmes et le d\u00e9veloppement durable<\/em>.<\/p>\n<p>Le Med Group est un groupe informel form\u00e9 de sept \u00c9tats de la r\u00e9gion m\u00e9diterran\u00e9enne membres de l\u2019UE, \u00e0 savoir Chypre, la Gr\u00e8ce, l\u2019Espagne, la France, l\u2019Italie, , le Portugal et Malte. Cette r\u00e9union a \u00e9t\u00e9 l\u2019occasion d\u2019un nouvel \u00e9change d\u2019id\u00e9es, dans un cadre informel, sur des questions d\u2019int\u00e9r\u00eat commun touchant principalement l\u2019Union europ\u00e9enne et la r\u00e9gion m\u00e9diterran\u00e9enne.<br \/>\nLe Secr\u00e9taire g\u00e9n\u00e9ral de l\u2019UpM a \u00e9galement particip\u00e9 aux pr\u00e9c\u00e9dentes r\u00e9unions du Med Group organis\u00e9es \u00e0 Alicante (Espagne) en avril\u00a02014 et \u00e0 Paris en f\u00e9vrier\u00a02015.<\/p>\n<p>Dans le cadre de sa visite de travail \u00e0 Chypre, le Secr\u00e9taire g\u00e9n\u00e9ral de l\u2019UpM s\u2019entretiendra avec d\u2019autres hauts fonctionnaires tels que le ministre de l\u2019\u00c9ducation et de la Culture de Chypre, Costas Kadis.<\/p>\n","protected":false},"excerpt":{"rendered":"<p>Le Secr\u00e9taire g\u00e9n\u00e9ral de l\u2019UpM a \u00e9t\u00e9 invit\u00e9 \u00e0 participer \u00e0 la troisi\u00e8me R\u00e9union minist\u00e9rielle annuelle du \u00ab Med Group \u00bb avec les ministres des Affaires \u00e9trang\u00e8res de Chypre, de Gr\u00e8ce, d\u2019Espagne, de France, d\u2019Italie, de Malte, et du Portugal les 25 et 26 f\u00e9vrier \u00e0 Limassol (Chypre).<\/p>\n<p>Les participants \u00e0 la r\u00e9union ont \u00e9voqu\u00e9 le besoin de renforcer la coop\u00e9ration r\u00e9gionale et les efforts d\u2019int\u00e9gration dans la r\u00e9gion m\u00e9diterran\u00e9enne. M. Sijilmassi a pr\u00e9sent\u00e9 les derniers d\u00e9veloppements des activit\u00e9s de l\u2019UpM qui tendent vers ce but.<\/p>\n<p>La r\u00e9union s\u2019est d\u00e9roul\u00e9e \u00e0 la suite de la Conf\u00e9rence minist\u00e9rielle de l\u2019UpM intitul\u00e9e \u00ab Vers un agenda commun de d\u00e9veloppement pour la M\u00e9diterran\u00e9e \u00bb, qui s\u2019est tenue le 26 novembre dernier \u00e0 l\u2019occasion du 20e anniversaire de la D\u00e9claration de Barcelone, et en vertu de la nouvelle politique europ\u00e9enne de voisinage pour la p\u00e9riode 2014-2020, qui ouvre de nouvelles perspectives encourageantes pour l\u2019UpM en termes d\u2019efforts de coop\u00e9ration r\u00e9gionale de l\u2019UE dans la r\u00e9gion m\u00e9diterran\u00e9enne.<\/p>\n","protected":false},"author":3,"featured_media":21822,"comment_status":"open","ping_status":"open","sticky":false,"template":"","format":"standard","meta":{"footnotes":""},"categories":[92,85],"tags":[],"priority-area":[],"class_list":["post-21827","post","type-post","status-publish","format-standard","has-post-thumbnail","hentry","category-actualites","category-actualites-phares"],"_links":{"self":[{"href":"https:\/\/ufmsecretariat.org\/fr\/wp-json\/wp\/v2\/posts\/21827","targetHints":{"allow":["GET"]}}],"collection":[{"href":"https:\/\/ufmsecretariat.org\/fr\/wp-json\/wp\/v2\/posts"}],"about":[{"href":"https:\/\/ufmsecretariat.org\/fr\/wp-json\/wp\/v2\/types\/post"}],"author":[{"embeddable":true,"href":"https:\/\/ufmsecretariat.org\/fr\/wp-json\/wp\/v2\/users\/3"}],"replies":[{"embeddable":true,"href":"https:\/\/ufmsecretariat.org\/fr\/wp-json\/wp\/v2\/comments?post=21827"}],"version-history":[{"count":4,"href":"https:\/\/ufmsecretariat.org\/fr\/wp-json\/wp\/v2\/posts\/21827\/revisions"}],"predecessor-version":[{"id":22714,"href":"https:\/\/ufmsecretariat.org\/fr\/wp-json\/wp\/v2\/posts\/21827\/revisions\/22714"}],"wp:featuredmedia":[{"embeddable":true,"href":"https:\/\/ufmsecretariat.org\/fr\/wp-json\/wp\/v2\/media\/21822"}],"wp:attachment":[{"href":"https:\/\/ufmsecretariat.org\/fr\/wp-json\/wp\/v2\/media?parent=21827"}],"wp:term":[{"taxonomy":"category","embeddable":true,"href":"https:\/\/ufmsecretariat.org\/fr\/wp-json\/wp\/v2\/categories?post=21827"},{"taxonomy":"post_tag","embeddable":true,"href":"https:\/\/ufmsecretariat.org\/fr\/wp-json\/wp\/v2\/tags?post=21827"},{"taxonomy":"priority-area","embeddable":true,"href":"https:\/\/ufmsecretariat.org\/fr\/wp-json\/wp\/v2\/priority-area?post=21827"}],"curies":[{"name":"wp","href":"https:\/\/api.w.org\/{rel}","templated":true}]}}