
{"id":226225,"date":"2025-04-10T19:08:13","date_gmt":"2025-04-10T18:08:13","guid":{"rendered":"https:\/\/ufmsecretariat.org\/annual-meeting-ufm-development-actors-2025\/"},"modified":"2025-04-29T12:57:37","modified_gmt":"2025-04-29T11:57:37","slug":"annual-meeting-ufm-development-actors-2025","status":"publish","type":"post","link":"https:\/\/ufmsecretariat.org\/fr\/annual-meeting-ufm-development-actors-2025\/","title":{"rendered":"Les acteurs du d\u00e9veloppement de l\u2019UpM renforcent leur coop\u00e9ration"},"content":{"rendered":"<p><strong data-start=\"223\" data-end=\"251\">10 avril 2025, Barcelone, Espagne. <\/strong>Pour la deuxi\u00e8me ann\u00e9e cons\u00e9cutive, des acteurs du d\u00e9veloppement issus de l\u2019ensemble des pays de l\u2019Union pour la M\u00e9diterran\u00e9e (UpM) se sont r\u00e9unis \u00e0 Barcelone \u00e0 l\u2019occasion de la <em data-start=\"432\" data-end=\"488\">R\u00e9union annuelle des acteurs du d\u00e9veloppement de l\u2019UpM<\/em>. Cette rencontre vise \u00e0 renforcer la r\u00e9ponse collective aux d\u00e9fis r\u00e9gionaux \u00e0 travers une coop\u00e9ration plus \u00e9troite.<\/p>\n<p><a title=\"Annual Meeting of UfM Development Actors 2025\" href=\"https:\/\/www.flickr.com\/photos\/ufms\/albums\/72177720324994151\" data-flickr-embed=\"true\"><img loading=\"lazy\" decoding=\"async\" class=\"alignleft\" src=\"https:\/\/live.staticflickr.com\/65535\/54441779282_c3458459e9_z.jpg\" alt=\"Annual Meeting of UfM Development Actors 2025\" width=\"537\" height=\"359\" \/><\/a><script async src=\"\/\/embedr.flickr.com\/assets\/client-code.js\" charset=\"utf-8\"><\/script><\/p>\n<p class=\"\" data-start=\"606\" data-end=\"886\">En ouvrant la session, le secr\u00e9taire g\u00e9n\u00e9ral de l\u2019UpM, Nasser Kamel, a insist\u00e9 sur l\u2019urgence d\u2019apporter des b\u00e9n\u00e9fices concrets aux populations de la r\u00e9gion, soulignant que \u00ab la coop\u00e9ration et la coordination restent la seule voie possible \u00bb pour atteindre les ambitions partag\u00e9es.<\/p>\n<p class=\"\" data-start=\"888\" data-end=\"1320\">R\u00e9unis au si\u00e8ge du Secr\u00e9tariat de l\u2019UpM, les participants ont convenu de recenser les expertises et capacit\u00e9s disponibles dans la r\u00e9gion, afin de mieux les mobiliser en faveur d\u2019actions r\u00e9gionales plus efficaces et coh\u00e9rentes avec les avanc\u00e9es des plateformes politiques de l\u2019UpM. Ils ont \u00e9galement exprim\u00e9 leur volont\u00e9 de renforcer les synergies avec le <a href=\"https:\/\/www.dev-practitioners.eu\/\"><em data-start=\"1243\" data-end=\"1267\">Practitioners\u2019 Network<\/em><\/a>, dans l\u2019int\u00e9r\u00eat commun de la r\u00e9gion m\u00e9diterran\u00e9enne.<\/p>\n<p class=\"\" data-start=\"1322\" data-end=\"1629\">Le 11 avril 2025, un dialogue d\u00e9di\u00e9 aux parties prenantes des m\u00e9canismes de subvention de l\u2019UpM r\u00e9unira les partenaires de mise en \u0153uvre et les b\u00e9n\u00e9ficiaires de projets. Cette session mettra en valeur le potentiel de la coop\u00e9ration dans le cadre de l\u2019UpM et contribuera \u00e0 fa\u00e7onner les initiatives \u00e0 venir.<\/p>\n","protected":false},"excerpt":{"rendered":"<p>10 avril 2025, Barcelone, Espagne. Pour la deuxi\u00e8me ann\u00e9e cons\u00e9cutive, des acteurs du d\u00e9veloppement issus de l\u2019ensemble des pays de l\u2019Union pour la M\u00e9diterran\u00e9e (UpM) se sont r\u00e9unis \u00e0 Barcelone \u00e0 l\u2019occasion de la R\u00e9union annuelle des acteurs du d\u00e9veloppement de l\u2019UpM. Cette rencontre vise \u00e0 renforcer la r\u00e9ponse collective aux d\u00e9fis r\u00e9gionaux \u00e0 travers<br \/><a href=\"https:\/\/ufmsecretariat.org\/fr\/annual-meeting-ufm-development-actors-2025\/\" class=\"more\">Lire la suite<\/a><\/p>\n","protected":false},"author":38,"featured_media":224236,"comment_status":"open","ping_status":"open","sticky":false,"template":"","format":"standard","meta":{"footnotes":""},"categories":[92,85],"tags":[],"priority-area":[18246],"class_list":["post-226225","post","type-post","status-publish","format-standard","has-post-thumbnail","hentry","category-actualites","category-actualites-phares","priority-area-institutional-fr"],"_links":{"self":[{"href":"https:\/\/ufmsecretariat.org\/fr\/wp-json\/wp\/v2\/posts\/226225","targetHints":{"allow":["GET"]}}],"collection":[{"href":"https:\/\/ufmsecretariat.org\/fr\/wp-json\/wp\/v2\/posts"}],"about":[{"href":"https:\/\/ufmsecretariat.org\/fr\/wp-json\/wp\/v2\/types\/post"}],"author":[{"embeddable":true,"href":"https:\/\/ufmsecretariat.org\/fr\/wp-json\/wp\/v2\/users\/38"}],"replies":[{"embeddable":true,"href":"https:\/\/ufmsecretariat.org\/fr\/wp-json\/wp\/v2\/comments?post=226225"}],"version-history":[{"count":2,"href":"https:\/\/ufmsecretariat.org\/fr\/wp-json\/wp\/v2\/posts\/226225\/revisions"}],"predecessor-version":[{"id":226227,"href":"https:\/\/ufmsecretariat.org\/fr\/wp-json\/wp\/v2\/posts\/226225\/revisions\/226227"}],"wp:featuredmedia":[{"embeddable":true,"href":"https:\/\/ufmsecretariat.org\/fr\/wp-json\/wp\/v2\/media\/224236"}],"wp:attachment":[{"href":"https:\/\/ufmsecretariat.org\/fr\/wp-json\/wp\/v2\/media?parent=226225"}],"wp:term":[{"taxonomy":"category","embeddable":true,"href":"https:\/\/ufmsecretariat.org\/fr\/wp-json\/wp\/v2\/categories?post=226225"},{"taxonomy":"post_tag","embeddable":true,"href":"https:\/\/ufmsecretariat.org\/fr\/wp-json\/wp\/v2\/tags?post=226225"},{"taxonomy":"priority-area","embeddable":true,"href":"https:\/\/ufmsecretariat.org\/fr\/wp-json\/wp\/v2\/priority-area?post=226225"}],"curies":[{"name":"wp","href":"https:\/\/api.w.org\/{rel}","templated":true}]}}