
{"id":233103,"date":"2025-07-15T09:07:12","date_gmt":"2025-07-15T08:07:12","guid":{"rendered":"https:\/\/ufmsecretariat.org\/ufm-dubrovnik-forum-2025-gulf-cooperation-council-sg\/"},"modified":"2025-07-18T15:50:27","modified_gmt":"2025-07-18T14:50:27","slug":"ufm-dubrovnik-forum-2025-gulf-cooperation-council-sg","status":"publish","type":"post","link":"https:\/\/ufmsecretariat.org\/fr\/ufm-dubrovnik-forum-2025-gulf-cooperation-council-sg\/","title":{"rendered":"Le Secr\u00e9taire g\u00e9n\u00e9ral de l&#8217;Union pour la M\u00e9diterran\u00e9e participe au Forum de Dubrovnik 2025 et rencontre le Secr\u00e9taire g\u00e9n\u00e9ral du Conseil de coop\u00e9ration du Golfe"},"content":{"rendered":"<p><strong>Dubrovnik, 14 juillet 2025.<\/strong> Le secr\u00e9taire g\u00e9n\u00e9ral de l&#8217;Union pour la M\u00e9diterran\u00e9e, Nasser Kamel, a particip\u00e9 au Forum de Dubrovnik qui s&#8217;est tenu le 11 juillet 2025 en Croatie. Ce dernier a particip\u00e9 \u00e0 la table ronde intitul\u00e9e \u00ab Connecter les \u00e9conomies, autonomiser les gens : le nouveau pacte pour la M\u00e9diterran\u00e9e \u00bb, aux c\u00f4t\u00e9s de Dubravka \u0160uica, commissaire de la Commission europ\u00e9enne pour la M\u00e9diterran\u00e9e ; Jasem Mohamed Albudaiwi, secr\u00e9taire g\u00e9n\u00e9ral du Conseil de coop\u00e9ration du Golfe ; Ante \u0160u\u0161njar, ministre de l&#8217;\u00c9conomie de Croatie ; Marko \u0160tucin, secr\u00e9taire d&#8217;\u00c9tat aux Affaires \u00e9trang\u00e8res de Slov\u00e9nie et Maja Markov\u010di\u0107 Kostelac, directeur ex\u00e9cutif de l&#8217;Agence europ\u00e9enne pour la s\u00e9curit\u00e9 maritime. La session a port\u00e9 sur le renforcement de la coop\u00e9ration r\u00e9gionale, la promotion d&#8217;une croissance inclusive et favorisant une prosp\u00e9rit\u00e9 partag\u00e9e \u00e0 travers la M\u00e9diterran\u00e9e, dans le cadre du nouveau pacte de l&#8217;UE pour la M\u00e9diterran\u00e9e.<\/p>\n<p><a href=\"https:\/\/ufmsecretariat.org\/wp-content\/uploads\/2025\/07\/dubrovnik-300x162.jpeg\"><img loading=\"lazy\" decoding=\"async\" class=\" wp-image-232670 alignleft\" src=\"https:\/\/ufmsecretariat.org\/wp-content\/uploads\/2025\/07\/dubrovnik-300x162.jpeg\" alt=\"\" width=\"367\" height=\"198\" srcset=\"https:\/\/ufmsecretariat.org\/wp-content\/uploads\/2025\/07\/dubrovnik-300x162.jpeg 300w, https:\/\/ufmsecretariat.org\/wp-content\/uploads\/2025\/07\/dubrovnik-1024x552.jpeg 1024w, https:\/\/ufmsecretariat.org\/wp-content\/uploads\/2025\/07\/dubrovnik-768x414.jpeg 768w, https:\/\/ufmsecretariat.org\/wp-content\/uploads\/2025\/07\/dubrovnik-1536x827.jpeg 1536w, https:\/\/ufmsecretariat.org\/wp-content\/uploads\/2025\/07\/dubrovnik-830x450.jpeg 830w, https:\/\/ufmsecretariat.org\/wp-content\/uploads\/2025\/07\/dubrovnik.jpeg 2048w\" sizes=\"auto, (max-width: 367px) 100vw, 367px\" \/><\/a><\/p>\n<p>En marge du Forum, Nasser Kamel a \u00e9galement tenu une r\u00e9union bilat\u00e9rale avec Jasem Mohamed Albudaiwi, secr\u00e9taire g\u00e9n\u00e9ral du Conseil de coop\u00e9ration du Golfe. Cette rencontre a \u00e9t\u00e9 l&#8217;occasion d&#8217;\u00e9changer des points de vue sur les priorit\u00e9s communes et les d\u00e9veloppements r\u00e9gionaux, en mettant l&#8217;accent sur le renforcement des synergies entre l&#8217;Union pour la M\u00e9diterran\u00e9e, le Conseil de coop\u00e9ration du Golfe et l&#8217;Union europ\u00e9enne. Chacune des parties a r\u00e9affirm\u00e9 son engagement \u00e0 renforcer la coop\u00e9ration entre les organisations r\u00e9gionales, en faveur de la paix, de la stabilit\u00e9 et du d\u00e9veloppement durable dans la r\u00e9gion.<\/p>\n<p>Nasser Kamel a \u00e9galement rencontr\u00e9 en marge du Forum Amer Kapetanovi\u0107, secr\u00e9taire g\u00e9n\u00e9ral du Conseil de coop\u00e9ration r\u00e9gionale. La r\u00e9union a permis d&#8217;examiner les possibilit\u00e9s de coop\u00e9ration avec l&#8217;Union pour la M\u00e9diterran\u00e9e au profit de relations \u00e9troites entre les pays et partenaires euro-m\u00e9diterran\u00e9ens.<\/p>\n","protected":false},"excerpt":{"rendered":"<p>Dubrovnik, 14 juillet 2025. Le secr\u00e9taire g\u00e9n\u00e9ral de l&#8217;Union pour la M\u00e9diterran\u00e9e, Nasser Kamel, a particip\u00e9 au Forum de Dubrovnik qui s&#8217;est tenu le 11 juillet 2025 en Croatie. Ce dernier a particip\u00e9 \u00e0 la table ronde intitul\u00e9e \u00ab Connecter les \u00e9conomies, autonomiser les gens : le nouveau pacte pour la M\u00e9diterran\u00e9e \u00bb, aux c\u00f4t\u00e9s<br \/><a href=\"https:\/\/ufmsecretariat.org\/fr\/ufm-dubrovnik-forum-2025-gulf-cooperation-council-sg\/\" class=\"more\">Lire la suite<\/a><\/p>\n","protected":false},"author":38,"featured_media":232663,"comment_status":"open","ping_status":"open","sticky":false,"template":"","format":"standard","meta":{"footnotes":""},"categories":[92,85],"tags":[],"priority-area":[12782,18246],"class_list":["post-233103","post","type-post","status-publish","format-standard","has-post-thumbnail","hentry","category-actualites","category-actualites-phares","priority-area-activity-of-the-secretary-general-fr","priority-area-institutional-fr"],"_links":{"self":[{"href":"https:\/\/ufmsecretariat.org\/fr\/wp-json\/wp\/v2\/posts\/233103","targetHints":{"allow":["GET"]}}],"collection":[{"href":"https:\/\/ufmsecretariat.org\/fr\/wp-json\/wp\/v2\/posts"}],"about":[{"href":"https:\/\/ufmsecretariat.org\/fr\/wp-json\/wp\/v2\/types\/post"}],"author":[{"embeddable":true,"href":"https:\/\/ufmsecretariat.org\/fr\/wp-json\/wp\/v2\/users\/38"}],"replies":[{"embeddable":true,"href":"https:\/\/ufmsecretariat.org\/fr\/wp-json\/wp\/v2\/comments?post=233103"}],"version-history":[{"count":1,"href":"https:\/\/ufmsecretariat.org\/fr\/wp-json\/wp\/v2\/posts\/233103\/revisions"}],"predecessor-version":[{"id":233104,"href":"https:\/\/ufmsecretariat.org\/fr\/wp-json\/wp\/v2\/posts\/233103\/revisions\/233104"}],"wp:featuredmedia":[{"embeddable":true,"href":"https:\/\/ufmsecretariat.org\/fr\/wp-json\/wp\/v2\/media\/232663"}],"wp:attachment":[{"href":"https:\/\/ufmsecretariat.org\/fr\/wp-json\/wp\/v2\/media?parent=233103"}],"wp:term":[{"taxonomy":"category","embeddable":true,"href":"https:\/\/ufmsecretariat.org\/fr\/wp-json\/wp\/v2\/categories?post=233103"},{"taxonomy":"post_tag","embeddable":true,"href":"https:\/\/ufmsecretariat.org\/fr\/wp-json\/wp\/v2\/tags?post=233103"},{"taxonomy":"priority-area","embeddable":true,"href":"https:\/\/ufmsecretariat.org\/fr\/wp-json\/wp\/v2\/priority-area?post=233103"}],"curies":[{"name":"wp","href":"https:\/\/api.w.org\/{rel}","templated":true}]}}