
{"id":245101,"date":"2026-04-24T10:23:18","date_gmt":"2026-04-24T09:23:18","guid":{"rendered":"https:\/\/ufmsecretariat.org\/10th-ufm-working-group-environment-advances-2030greenermed-agenda\/"},"modified":"2026-04-27T15:00:33","modified_gmt":"2026-04-27T14:00:33","slug":"10th-ufm-working-group-environment-advances-2030greenermed-agenda","status":"publish","type":"post","link":"https:\/\/ufmsecretariat.org\/fr\/10th-ufm-working-group-environment-advances-2030greenermed-agenda\/","title":{"rendered":"La 10e r\u00e9union du groupe de travail de l&#8217;UpM sur l&#8217;environnement fait progresser l&#8217;Agenda GreenerMed2030"},"content":{"rendered":"<p><strong>15 avril 2026, en ligne.<\/strong> La 10e r\u00e9union du groupe de travail de l&#8217;UpM sur l&#8217;environnement, qui s&#8217;est tenue en ligne le 15 avril, a rassembl\u00e9 des d\u00e9l\u00e9gu\u00e9s des 43 pays membres de l&#8217;UpM et des organisations partenaires afin d&#8217;examiner les \u00e9volutions et de d\u00e9finir les priorit\u00e9s pour l&#8217;ann\u00e9e \u00e0 venir, tout en favorisant l&#8217;apprentissage entre pairs et la coop\u00e9ration r\u00e9gionale.<\/p>\n<p>Les participants ont pass\u00e9 en revue les r\u00e9centes \u00e9volutions environnementales au niveau international et euro-m\u00e9diterran\u00e9en, \u00e9valu\u00e9 les progr\u00e8s r\u00e9alis\u00e9s dans le cadre de l\u2019Agenda GreenerMed2030 et \u00e9chang\u00e9 sur les priorit\u00e9s nationales, les besoins et les opportunit\u00e9s de coop\u00e9ration. La session a \u00e9t\u00e9 marqu\u00e9e par la pr\u00e9sentation d\u2019une proposition de mise \u00e0 jour du texte de l\u2019Agenda GreenerMed2030 et par l\u2019annonce de la publication prochaine, sur le site web de l\u2019UpM, du 2e rapport de suivi GreenerMed de l\u2019UpM fond\u00e9 sur les r\u00e9sultats.<\/p>\n<p>Pr\u00e9sid\u00e9e par la copr\u00e9sidence de l\u2019UpM, repr\u00e9sent\u00e9e par l\u2019UE et la Jordanie, en collaboration avec le Secr\u00e9tariat de l\u2019UpM, la r\u00e9union a accueilli au sein de la communaut\u00e9 des parties prenantes de l\u2019UpM en mati\u00e8re d\u2019environnement la Dre Nisreen Tamimi, r\u00e9cemment nomm\u00e9e secr\u00e9taire g\u00e9n\u00e9rale adjointe de l\u2019UpM charg\u00e9e du d\u00e9veloppement durable.<\/p>\n<p>Une attention particuli\u00e8re a \u00e9t\u00e9 accord\u00e9e \u00e0 la prochaine COP31 et au Pavillon m\u00e9diterran\u00e9en, aux progr\u00e8s r\u00e9alis\u00e9s dans la soumission des 7e rapports nationaux au titre de la Convention sur la diversit\u00e9 biologique (CDB), ainsi qu\u2019aux r\u00e9sultats de la COP24 de la Convention de Barcelone. Les participants ont soulign\u00e9 la pertinence continue des priorit\u00e9s communes d\u00e9finies dans la D\u00e9claration minist\u00e9rielle de l\u2019UpM de 2021 sur l\u2019environnement et l\u2019action climatique, en particulier dans un contexte o\u00f9 la M\u00e9diterran\u00e9e est confront\u00e9e \u00e0 des pressions croissantes li\u00e9es \u00e0 des crises multidimensionnelles \u00e9troitement associ\u00e9es aux ressources naturelles.<\/p>\n<p>De nombreuses initiatives pertinentes ont \u00e9t\u00e9 pr\u00e9sent\u00e9es autour des trois axes de l\u2019Agenda GreenerMed2030, \u00e0 savoir : l\u2019\u00e9conomie verte, circulaire et inclusive ; la pollution, en mettant l\u2019accent sur la pr\u00e9vention ; et la conservation et la restauration de la biodiversit\u00e9 et des \u00e9cosyst\u00e8mes. La r\u00e9union a \u00e9galement soulign\u00e9 l\u2019importance de promouvoir les femmes et les jeunes, de renforcer l\u2019inclusion sociale et de maintenir l\u2019UpM comme plateforme de dialogue et d\u2019action collective.<\/p>\n<p>La r\u00e9union s\u2019est conclue par un appel fort \u00e0 l\u2019unit\u00e9 et \u00e0 la coop\u00e9ration dans un contexte difficile. Les pays ont r\u00e9affirm\u00e9 leur engagement en faveur des priorit\u00e9s GreenerMed, la mise en \u0153uvre de l\u2019Agenda GreenerMed 2030 en tant que cadre commun de coop\u00e9ration, la promotion d\u2019actions et de programmes conjoints, ainsi que la poursuite des efforts de suivi et d\u2019\u00e9tablissement de rapports, y compris le soutien \u00e0 l\u2019exercice de cartographie de l\u2019Agenda.<\/p>\n<p>Les participants ont salu\u00e9 l\u2019engagement actif des pays et des organisations partenaires, renfor\u00e7ant ainsi le r\u00f4le de l\u2019UpM dans la promotion de la coop\u00e9ration r\u00e9gionale en mati\u00e8re d\u2019environnement et d\u2019\u00e9conomie verte, circulaire et inclusive.<\/p>\n","protected":false},"excerpt":{"rendered":"<p>15 avril 2026, en ligne. La 10e r\u00e9union du groupe de travail de l&#8217;UpM sur l&#8217;environnement, qui s&#8217;est tenue en ligne le 15 avril, a rassembl\u00e9 des d\u00e9l\u00e9gu\u00e9s des 43 pays membres de l&#8217;UpM et des organisations partenaires afin d&#8217;examiner les \u00e9volutions et de d\u00e9finir les priorit\u00e9s pour l&#8217;ann\u00e9e \u00e0 venir, tout en favorisant l&#8217;apprentissage<br \/><a href=\"https:\/\/ufmsecretariat.org\/fr\/10th-ufm-working-group-environment-advances-2030greenermed-agenda\/\" class=\"more\">Lire la suite<\/a><\/p>\n","protected":false},"author":38,"featured_media":245004,"comment_status":"open","ping_status":"open","sticky":false,"template":"","format":"standard","meta":{"footnotes":""},"categories":[92,85],"tags":[],"priority-area":[201],"class_list":["post-245101","post","type-post","status-publish","format-standard","has-post-thumbnail","hentry","category-actualites","category-actualites-phares","priority-area-water-environment-fr"],"_links":{"self":[{"href":"https:\/\/ufmsecretariat.org\/fr\/wp-json\/wp\/v2\/posts\/245101","targetHints":{"allow":["GET"]}}],"collection":[{"href":"https:\/\/ufmsecretariat.org\/fr\/wp-json\/wp\/v2\/posts"}],"about":[{"href":"https:\/\/ufmsecretariat.org\/fr\/wp-json\/wp\/v2\/types\/post"}],"author":[{"embeddable":true,"href":"https:\/\/ufmsecretariat.org\/fr\/wp-json\/wp\/v2\/users\/38"}],"replies":[{"embeddable":true,"href":"https:\/\/ufmsecretariat.org\/fr\/wp-json\/wp\/v2\/comments?post=245101"}],"version-history":[{"count":1,"href":"https:\/\/ufmsecretariat.org\/fr\/wp-json\/wp\/v2\/posts\/245101\/revisions"}],"predecessor-version":[{"id":245102,"href":"https:\/\/ufmsecretariat.org\/fr\/wp-json\/wp\/v2\/posts\/245101\/revisions\/245102"}],"wp:featuredmedia":[{"embeddable":true,"href":"https:\/\/ufmsecretariat.org\/fr\/wp-json\/wp\/v2\/media\/245004"}],"wp:attachment":[{"href":"https:\/\/ufmsecretariat.org\/fr\/wp-json\/wp\/v2\/media?parent=245101"}],"wp:term":[{"taxonomy":"category","embeddable":true,"href":"https:\/\/ufmsecretariat.org\/fr\/wp-json\/wp\/v2\/categories?post=245101"},{"taxonomy":"post_tag","embeddable":true,"href":"https:\/\/ufmsecretariat.org\/fr\/wp-json\/wp\/v2\/tags?post=245101"},{"taxonomy":"priority-area","embeddable":true,"href":"https:\/\/ufmsecretariat.org\/fr\/wp-json\/wp\/v2\/priority-area?post=245101"}],"curies":[{"name":"wp","href":"https:\/\/api.w.org\/{rel}","templated":true}]}}