
{"id":245104,"date":"2026-04-15T10:32:12","date_gmt":"2026-04-15T09:32:12","guid":{"rendered":"https:\/\/ufmsecretariat.org\/egypes-2026\/"},"modified":"2026-04-27T15:03:06","modified_gmt":"2026-04-27T14:03:06","slug":"egypes-2026","status":"publish","type":"post","link":"https:\/\/ufmsecretariat.org\/fr\/egypes-2026\/","title":{"rendered":"L&#8217;UpM renforce la coop\u00e9ration \u00e9nerg\u00e9tique euro-m\u00e9diterran\u00e9enne lors de l&#8217;EGYPES 2026"},"content":{"rendered":"<p><strong>Le Caire, 1er avril 2026<\/strong>. L&#8217;Union pour la M\u00e9diterran\u00e9e (UpM) a particip\u00e9 \u00e0 la 9e \u00e9dition du <a href=\"https:\/\/www.egypes.com\/\">Salon de l&#8217;\u00e9nergie d&#8217;\u00c9gypte (EGYPES 2026)<\/a>, qui s&#8217;est tenu au Caire du 30 mars au 1er avril sous le th\u00e8me <strong>\u00ab Transformer l&#8217;\u00e9nergie par la collaboration, l&#8217;action et le r\u00e9alisme \u00bb<\/strong>. Cet \u00e9v\u00e9nement a r\u00e9uni des leaders mondiaux du secteur de l\u2019\u00e9nergie, des d\u00e9cideurs politiques et des dirigeants d\u2019entreprise afin d\u2019aborder le trilemme \u00e9nerg\u00e9tique \u2013 s\u00e9curit\u00e9, accessibilit\u00e9 financi\u00e8re et durabilit\u00e9 \u2013 dans un contexte de tensions g\u00e9opolitiques et de crises mondiales.<\/p>\n<p><a href=\"https:\/\/ufmsecretariat.org\/wp-content\/uploads\/2026\/04\/egypes_2026_02-300x200.jpg\"><img loading=\"lazy\" decoding=\"async\" class=\"wp-image-244710 alignleft\" src=\"https:\/\/ufmsecretariat.org\/wp-content\/uploads\/2026\/04\/egypes_2026_02-300x200.jpg\" alt=\"\" width=\"471\" height=\"314\" srcset=\"https:\/\/ufmsecretariat.org\/wp-content\/uploads\/2026\/04\/egypes_2026_02-300x200.jpg 300w, https:\/\/ufmsecretariat.org\/wp-content\/uploads\/2026\/04\/egypes_2026_02-1024x683.jpg 1024w, https:\/\/ufmsecretariat.org\/wp-content\/uploads\/2026\/04\/egypes_2026_02-768x512.jpg 768w, https:\/\/ufmsecretariat.org\/wp-content\/uploads\/2026\/04\/egypes_2026_02.jpg 1280w\" sizes=\"auto, (max-width: 471px) 100vw, 471px\" \/><\/a><\/p>\n<p>La pr\u00e9sence de l\u2019UpM \u00e0 l&#8217;EGYPES 2026 a \u00e9t\u00e9 particuli\u00e8rement remarqu\u00e9e gr\u00e2ce \u00e0 la participation active du secr\u00e9taire g\u00e9n\u00e9ral Nasser Kamel \u00e0 une s\u00e9rie de rencontres de haut niveau tout au long de la conf\u00e9rence. Au cours d\u2019une session de haut niveau consacr\u00e9e aux march\u00e9s de l\u2019\u00e9nergie, \u00e0 la s\u00e9curit\u00e9 et aux infrastructures, le Secr\u00e9taire g\u00e9n\u00e9ral a soulign\u00e9 le r\u00f4le de l\u2019UpM en tant que cadre de coop\u00e9ration r\u00e9gionale et passerelle entre l\u2019Union europ\u00e9enne et les partenaires du sud et de l\u2019est de la M\u00e9diterran\u00e9e. Ce dernier a insist\u00e9 sur la n\u00e9cessit\u00e9 d\u2019harmoniser les cadres r\u00e9glementaires, de d\u00e9velopper les infrastructures transfrontali\u00e8res et de combler les d\u00e9ficits de financement gr\u00e2ce \u00e0 des m\u00e9canismes de financement mixtes et de r\u00e9duction des risques. Par ailleurs, celui-ci a soulign\u00e9 l\u2019importance de combiner le d\u00e9veloppement des \u00e9nergies renouvelables avec des solutions de transition fiables afin de renforcer la r\u00e9silience face aux chocs g\u00e9opolitiques<\/p>\n<p>Le Secr\u00e9taire g\u00e9n\u00e9ral a \u00e9galement pris part \u00e0 une table ronde strat\u00e9gique \u00e0 huis clos sur les routes commerciales et l\u2019influence strat\u00e9gique dans la nouvelle \u00e9conomie \u00e9nerg\u00e9tique. Au cours de cet \u00e9change avec des ministres, des dirigeants d\u2019organisations internationales et des chefs de file du secteur, celui-ci a mis en avant la profonde transformation \u00e9nerg\u00e9tique de la M\u00e9diterran\u00e9e et l\u2019importance de renforcer les interconnexions et de faire converger les cadres r\u00e9glementaires. Le Secr\u00e9taire g\u00e9n\u00e9ral a soulign\u00e9 le vaste potentiel des \u00e9nergies renouvelables en M\u00e9diterran\u00e9e du Sud et a insist\u00e9 sur le fait que les corridors r\u00e9gionaux et les liaisons \u00e9lectriques sont essentiels pour renforcer l\u2019int\u00e9gration euro-m\u00e9diterran\u00e9enne et la r\u00e9silience \u00e9nerg\u00e9tique \u00e0 long terme.<\/p>\n","protected":false},"excerpt":{"rendered":"<p>Le Caire, 1er avril 2026. L&#8217;Union pour la M\u00e9diterran\u00e9e (UpM) a particip\u00e9 \u00e0 la 9e \u00e9dition du Salon de l&#8217;\u00e9nergie d&#8217;\u00c9gypte (EGYPES 2026), qui s&#8217;est tenu au Caire du 30 mars au 1er avril sous le th\u00e8me \u00ab Transformer l&#8217;\u00e9nergie par la collaboration, l&#8217;action et le r\u00e9alisme \u00bb. Cet \u00e9v\u00e9nement a r\u00e9uni des leaders mondiaux<br \/><a href=\"https:\/\/ufmsecretariat.org\/fr\/egypes-2026\/\" class=\"more\">Lire la suite<\/a><\/p>\n","protected":false},"author":38,"featured_media":244715,"comment_status":"open","ping_status":"open","sticky":false,"template":"","format":"standard","meta":{"footnotes":""},"categories":[92,85],"tags":[],"priority-area":[18246],"class_list":["post-245104","post","type-post","status-publish","format-standard","has-post-thumbnail","hentry","category-actualites","category-actualites-phares","priority-area-institutional-fr"],"_links":{"self":[{"href":"https:\/\/ufmsecretariat.org\/fr\/wp-json\/wp\/v2\/posts\/245104","targetHints":{"allow":["GET"]}}],"collection":[{"href":"https:\/\/ufmsecretariat.org\/fr\/wp-json\/wp\/v2\/posts"}],"about":[{"href":"https:\/\/ufmsecretariat.org\/fr\/wp-json\/wp\/v2\/types\/post"}],"author":[{"embeddable":true,"href":"https:\/\/ufmsecretariat.org\/fr\/wp-json\/wp\/v2\/users\/38"}],"replies":[{"embeddable":true,"href":"https:\/\/ufmsecretariat.org\/fr\/wp-json\/wp\/v2\/comments?post=245104"}],"version-history":[{"count":1,"href":"https:\/\/ufmsecretariat.org\/fr\/wp-json\/wp\/v2\/posts\/245104\/revisions"}],"predecessor-version":[{"id":245105,"href":"https:\/\/ufmsecretariat.org\/fr\/wp-json\/wp\/v2\/posts\/245104\/revisions\/245105"}],"wp:featuredmedia":[{"embeddable":true,"href":"https:\/\/ufmsecretariat.org\/fr\/wp-json\/wp\/v2\/media\/244715"}],"wp:attachment":[{"href":"https:\/\/ufmsecretariat.org\/fr\/wp-json\/wp\/v2\/media?parent=245104"}],"wp:term":[{"taxonomy":"category","embeddable":true,"href":"https:\/\/ufmsecretariat.org\/fr\/wp-json\/wp\/v2\/categories?post=245104"},{"taxonomy":"post_tag","embeddable":true,"href":"https:\/\/ufmsecretariat.org\/fr\/wp-json\/wp\/v2\/tags?post=245104"},{"taxonomy":"priority-area","embeddable":true,"href":"https:\/\/ufmsecretariat.org\/fr\/wp-json\/wp\/v2\/priority-area?post=245104"}],"curies":[{"name":"wp","href":"https:\/\/api.w.org\/{rel}","templated":true}]}}