
{"id":32189,"date":"2017-05-04T11:02:08","date_gmt":"2017-05-04T10:02:08","guid":{"rendered":"https:\/\/ufmsecretariat.org\/?p=32189"},"modified":"2017-09-14T10:51:13","modified_gmt":"2017-09-14T09:51:13","slug":"4eme-conference-arabo-europeenne-sur-lenseignement-superieur-aeche-4-developper-un-agenda-regional-commun-entre-les-universites-en-matiere-de-recherche-collaborative-pour-mieux-faire-face-2","status":"publish","type":"post","link":"https:\/\/ufmsecretariat.org\/fr\/4eme-conference-arabo-europeenne-sur-lenseignement-superieur-aeche-4-developper-un-agenda-regional-commun-entre-les-universites-en-matiere-de-recherche-collaborative-pour-mieux-faire-face-2\/","title":{"rendered":"4\u00e8me Conf\u00e9rence Arabo-Europ\u00e9enne sur l\u2019Enseignement Sup\u00e9rieur (AECHE 4): D\u00e9velopper un agenda r\u00e9gional commun entre les universit\u00e9s en mati\u00e8re de recherche collaborative pour mieux faire face aux d\u00e9fis partag\u00e9s."},"content":{"rendered":"<p>Une d\u00e9l\u00e9gation du Secr\u00e9tariat de l\u2019Union pour la M\u00e9diterran\u00e9e, conduite par le Conseiller diplomatique et porte-parole, Sergi Farr\u00e9, a particip\u00e9 durant deux jours \u00e0 la 4\u00e8me Conf\u00e9rence Arabo-Europ\u00e9enne sur l\u2019Enseignement Sup\u00e9rieur\u00a0 (AECHE4), intitul\u00e9e <em>La Recherche pour des soci\u00e9t\u00e9s durables \u2013 le r\u00f4le des universit\u00e9s<\/em>, \u00a0chaleureusement \u00a0accueillie cette ann\u00e9e par l\u2019Universit\u00e9 Mohammed V de Rabat, sous le haut patronage de Sa Majest\u00e9 le Roi Mohammed VI.<\/p>\n<p>Comme lors des pr\u00e9c\u00e9dentes \u00e9ditions, la Conf\u00e9rence, dont le Secr\u00e9tariat est assur\u00e9 par l\u2019Universit\u00e9 de Barcelone, a rassembl\u00e9 l\u2019Association des Universit\u00e9s Arabes (AArU) et l\u2019Association des Universit\u00e9s Europ\u00e9ennes (EUA) ainsi que leurs membres respectifs. Elle constitue un forum \u00e9largi pour la promotion du dialogue et de la coop\u00e9ration entre les Universit\u00e9s des pays europ\u00e9ens, de la M\u00e9diterran\u00e9e et du Golfe soutenu par le Secr\u00e9tariat de l\u2019Union pour la M\u00e9diterran\u00e9e<strong>.<\/strong><\/p>\n<p>Soulignant l\u2019importance des efforts collaboratifs entre les institutions d\u2019enseignement sup\u00e9rieur en mati\u00e8re de recherche et d\u2019innovation pour traiter au mieux les d\u00e9fis soci\u00e9taux, la Conf\u00e9rence a permis des \u00e9changes entre d\u00e9cisionnaires politiques, recteurs d\u2019Universit\u00e9, professeurs, chercheurs, et repr\u00e9sentants de r\u00e9seaux d\u2019Universit\u00e9s avec lesquels le Secr\u00e9tariat de l\u2019UpM travaille \u00e9troitement, tels qu\u2019UNIMED et UNICA, ainsi qu\u2019experts et acteurs de la soci\u00e9t\u00e9 civile.<\/p>\n<p>Parmi les participants figuraient Monsieur Khaled Samadi, Secr\u00e9taire d\u2019Etat charg\u00e9 \u00a0de l\u2019enseignement sup\u00e9rieur et de la recherche scientifique du Maroc\u00a0; Monsieur Saa\u00efd Amzazi, Pr\u00e9sident de l\u2019Universit\u00e9 Mohammed V; Mme Christina Russo, Directrice de la Coop\u00e9ration internationale au sein de la Direction G\u00e9n\u00e9rale pour la Recherche et l\u2019Innovation de la Commission Europ\u00e9enne\u00a0; Monsieur Paul J. Pace, repr\u00e9sentant du Minist\u00e8re de l\u2019Education et de l\u2019Emploi de Malte (Pr\u00e9sidence de l\u2019Union europ\u00e9enne)\u00a0; Prof. Sultan Abu Orabi, Secr\u00e9taire G\u00e9n\u00e9ral de l\u2019Association des Universit\u00e9s Arabes ainsi que Mr. Michael Gaebel, Directeur de l&#8217;Unit\u00e9 de politique de l&#8217;enseignement sup\u00e9rieur \u00e0 l\u2019Association des Universit\u00e9s Europ\u00e9ennes.<\/p>\n<p>Les intervenants ont pu mettre en valeur les atouts de la coop\u00e9ration en recherche universitaire pour la soci\u00e9t\u00e9 et d\u00e9montrer l\u2019int\u00e9r\u00eat d\u2019une approche interdisciplinaire et r\u00e9gionale dans le but de faire face aux d\u00e9fis mondiaux li\u00e9s aux domaines de l\u2019environnement, du changement climatique, du d\u00e9veloppement \u00e9conomique, du d\u00e9s\u00e9quilibre d\u00e9mographique, des conflits\u00a0; de la migration et de la crise des refugi\u00e9s. Ils ont \u00e9galement pr\u00e9sent\u00e9 une cartographie des initiatives et r\u00e9seaux existants ainsi que leur synergie en mati\u00e8re de recherche collaborative.<\/p>\n<p>Ces axes de travail correspondent aux actions du Secr\u00e9tariat g\u00e9n\u00e9ral de l&#8217;UpM dont le r\u00f4le est d\u2019agir en tant que plateforme pour l&#8217;enseignement sup\u00e9rieur et la mobilit\u00e9 \u00e9tudiante en M\u00e9diterran\u00e9e, de soutenir les centres r\u00e9gionaux d&#8217;enseignement sup\u00e9rieur, d\u2019am\u00e9liorer la qualit\u00e9 de la formation professionnelle et de faciliter le dialogue r\u00e9gional dans les milieux de la recherche scientifique dans la r\u00e9gion.<\/p>\n<p>Les\u00a0 partenaires d\u2019AECHE 4 ont approuv\u00e9 une <a href=\"http:\/\/www.eua.be\/Libraries\/newsletter-documents\/aeche-4---rabat-statement-2017-04-28.pdf?sfvrsn=0\" target=\"_blank\">d\u00e9claration conjointe<\/a>. La prochaine \u00e9dition d\u2019AECHE sera accueillie par l\u2019Universit\u00e9 de Murcia (Espagne) au mois de juin 2018.<\/p>\n<p><strong>Rappel AECHE:<\/strong> La conf\u00e9rence a \u00e9t\u00e9 organis\u00e9e par les parties prenantes \u00e0 l\u2019initiative conjointe AECHE compos\u00e9e de l\u00b4Association des Universit\u00e9s Arabes (AARU), de l\u2019Association des Universit\u00e9s Europ\u00e9ennes (EUA) ainsi que de l\u2019Universit\u00e9 de Barcelone (UB). Cette plateforme en faveur du dialogue et de la coop\u00e9ration r\u00e9gionale entre les Universit\u00e9s de la r\u00e9gion Arabo-Europ\u00e9enne lanc\u00e9e en 2013 est dirig\u00e9e par un comit\u00e9 d\u2019orientation compos\u00e9 des m\u00eames membres auxquels s\u2019ajoutent l\u2019Union des Universit\u00e9s M\u00e9diterran\u00e9ennes (UNIMED), le R\u00e9seau des Universit\u00e9s des Capitales d\u2019Europe (UNICA)\u00a0 ainsi que le Secretariat de l\u2019Union pour la M\u00e9diterran\u00e9e (UpM). Viennent \u00e9largir ce comit\u00e9 d\u2019orientation les institutions et organisations impliqu\u00e9es aux projets en cours tels que l\u2019Universit\u00e9 Technique de Berlin.<\/p>\n","protected":false},"excerpt":{"rendered":"<p>\u2022La 4\u00e8me \u00e9dition AECHE vient renforcer un processus de dialogue et de coop\u00e9ration entre les universit\u00e9s des pays d\u2019Europe, de M\u00e9diterran\u00e9e et du Golfe, soutenu par le Secr\u00e9tariat de l\u2019Union pour la M\u00e9diterran\u00e9e.<\/p>\n<p>\u2022Les 150 participants issus du monde politique et universitaire, du milieu de la recherche ainsi que de la soci\u00e9t\u00e9 civile de la r\u00e9gion m\u00e9diterran\u00e9enne ont soulign\u00e9 le r\u00f4le crucial de la recherche et de l\u2019innovation, appliqu\u00e9es \u00e0 la r\u00e9solution des probl\u00e9matiques soci\u00e9tales dans les domaines de l\u2019eau, de l\u2019\u00e9nergie et de la s\u00e9curit\u00e9 alimentaire.<\/p>\n","protected":false},"author":4,"featured_media":42803,"comment_status":"open","ping_status":"open","sticky":false,"template":"","format":"standard","meta":{"footnotes":""},"categories":[92,80],"tags":[],"priority-area":[203],"class_list":["post-32189","post","type-post","status-publish","format-standard","has-post-thumbnail","hentry","category-actualites","category-enseignement-superieur-recherche","priority-area-higher-education-research-fr"],"_links":{"self":[{"href":"https:\/\/ufmsecretariat.org\/fr\/wp-json\/wp\/v2\/posts\/32189","targetHints":{"allow":["GET"]}}],"collection":[{"href":"https:\/\/ufmsecretariat.org\/fr\/wp-json\/wp\/v2\/posts"}],"about":[{"href":"https:\/\/ufmsecretariat.org\/fr\/wp-json\/wp\/v2\/types\/post"}],"author":[{"embeddable":true,"href":"https:\/\/ufmsecretariat.org\/fr\/wp-json\/wp\/v2\/users\/4"}],"replies":[{"embeddable":true,"href":"https:\/\/ufmsecretariat.org\/fr\/wp-json\/wp\/v2\/comments?post=32189"}],"version-history":[{"count":1,"href":"https:\/\/ufmsecretariat.org\/fr\/wp-json\/wp\/v2\/posts\/32189\/revisions"}],"predecessor-version":[{"id":42805,"href":"https:\/\/ufmsecretariat.org\/fr\/wp-json\/wp\/v2\/posts\/32189\/revisions\/42805"}],"wp:featuredmedia":[{"embeddable":true,"href":"https:\/\/ufmsecretariat.org\/fr\/wp-json\/wp\/v2\/media\/42803"}],"wp:attachment":[{"href":"https:\/\/ufmsecretariat.org\/fr\/wp-json\/wp\/v2\/media?parent=32189"}],"wp:term":[{"taxonomy":"category","embeddable":true,"href":"https:\/\/ufmsecretariat.org\/fr\/wp-json\/wp\/v2\/categories?post=32189"},{"taxonomy":"post_tag","embeddable":true,"href":"https:\/\/ufmsecretariat.org\/fr\/wp-json\/wp\/v2\/tags?post=32189"},{"taxonomy":"priority-area","embeddable":true,"href":"https:\/\/ufmsecretariat.org\/fr\/wp-json\/wp\/v2\/priority-area?post=32189"}],"curies":[{"name":"wp","href":"https:\/\/api.w.org\/{rel}","templated":true}]}}