
{"id":39448,"date":"2016-12-13T15:50:32","date_gmt":"2016-12-13T14:50:32","guid":{"rendered":"https:\/\/ufmsecretariat.org\/official-visit-of-the-ufm-secretariat-to-bosnia-and-herzegovina\/"},"modified":"2017-02-13T15:54:49","modified_gmt":"2017-02-13T14:54:49","slug":"official-visit-of-the-ufm-secretariat-to-bosnia-and-herzegovina","status":"publish","type":"post","link":"https:\/\/ufmsecretariat.org\/fr\/official-visit-of-the-ufm-secretariat-to-bosnia-and-herzegovina\/","title":{"rendered":"Visite officielle du Secr\u00e9tariat g\u00e9n\u00e9ral de l\u2019UpM en Bosnie-Herz\u00e9govine"},"content":{"rendered":"<p><strong>Sarajevo, le 13 d\u00e9cembre 2016.<\/strong> Le 13\u00a0d\u00e9cembre\u00a02016, le Secr\u00e9taire g\u00e9n\u00e9ral de l\u2019UpM, M.\u00a0Fathallah Sijilmassi, accompagn\u00e9 du Secr\u00e9taire g\u00e9n\u00e9ral adjoint, M.\u00a0Sudqi Al Omoush, s\u2019est rendu en visite officielle \u00e0 Sarajevo sur invitation des autorit\u00e9s de Bosnie-Herz\u00e9govine.<\/p>\n<p>La d\u00e9l\u00e9gation du Secr\u00e9tariat g\u00e9n\u00e9ral de l\u2019UpM s\u2019est entretenue avec S.E. M. Igor Crnadak, ministre des Affaires \u00e9trang\u00e8res de Bosnie-Herz\u00e9govine, qui a r\u00e9it\u00e9r\u00e9 le soutien continu de son pays \u00e0 l\u2019UpM et f\u00e9licit\u00e9 les progr\u00e8s accomplis par le Secr\u00e9tariat dans le renforcement de l\u2019int\u00e9gration r\u00e9gionale et du d\u00e9veloppement.<\/p>\n<p>Au cours de cette r\u00e9union, le Secr\u00e9taire g\u00e9n\u00e9ral de l\u2019UpM, M.\u00a0Fathallah Sijilmassi, et S.E. le ministre M.\u00a0Igor Crnadak ont \u00e9tudi\u00e9 les diff\u00e9rents moyens de renforcer davantage les secteurs de la coop\u00e9ration.<\/p>\n","protected":false},"excerpt":{"rendered":"<p>Sarajevo, le 13 d\u00e9cembre 2016. Le 13\u00a0d\u00e9cembre\u00a02016, le Secr\u00e9taire g\u00e9n\u00e9ral de l\u2019UpM, M.\u00a0Fathallah Sijilmassi, accompagn\u00e9 du Secr\u00e9taire g\u00e9n\u00e9ral adjoint, M.\u00a0Sudqi Al Omoush, s\u2019est rendu en visite officielle \u00e0 Sarajevo sur invitation des autorit\u00e9s de Bosnie-Herz\u00e9govine. La d\u00e9l\u00e9gation du Secr\u00e9tariat g\u00e9n\u00e9ral de l\u2019UpM s\u2019est entretenue avec S.E. M. Igor Crnadak, ministre des Affaires \u00e9trang\u00e8res de Bosnie-Herz\u00e9govine,<br \/><a href=\"https:\/\/ufmsecretariat.org\/fr\/official-visit-of-the-ufm-secretariat-to-bosnia-and-herzegovina\/\" class=\"more\">Lire la suite<\/a><\/p>\n","protected":false},"author":4,"featured_media":39446,"comment_status":"open","ping_status":"open","sticky":false,"template":"","format":"standard","meta":{"footnotes":""},"categories":[92,88],"tags":[],"priority-area":[],"class_list":["post-39448","post","type-post","status-publish","format-standard","has-post-thumbnail","hentry","category-actualites","category-centre-dinformation"],"_links":{"self":[{"href":"https:\/\/ufmsecretariat.org\/fr\/wp-json\/wp\/v2\/posts\/39448","targetHints":{"allow":["GET"]}}],"collection":[{"href":"https:\/\/ufmsecretariat.org\/fr\/wp-json\/wp\/v2\/posts"}],"about":[{"href":"https:\/\/ufmsecretariat.org\/fr\/wp-json\/wp\/v2\/types\/post"}],"author":[{"embeddable":true,"href":"https:\/\/ufmsecretariat.org\/fr\/wp-json\/wp\/v2\/users\/4"}],"replies":[{"embeddable":true,"href":"https:\/\/ufmsecretariat.org\/fr\/wp-json\/wp\/v2\/comments?post=39448"}],"version-history":[{"count":1,"href":"https:\/\/ufmsecretariat.org\/fr\/wp-json\/wp\/v2\/posts\/39448\/revisions"}],"predecessor-version":[{"id":39450,"href":"https:\/\/ufmsecretariat.org\/fr\/wp-json\/wp\/v2\/posts\/39448\/revisions\/39450"}],"wp:featuredmedia":[{"embeddable":true,"href":"https:\/\/ufmsecretariat.org\/fr\/wp-json\/wp\/v2\/media\/39446"}],"wp:attachment":[{"href":"https:\/\/ufmsecretariat.org\/fr\/wp-json\/wp\/v2\/media?parent=39448"}],"wp:term":[{"taxonomy":"category","embeddable":true,"href":"https:\/\/ufmsecretariat.org\/fr\/wp-json\/wp\/v2\/categories?post=39448"},{"taxonomy":"post_tag","embeddable":true,"href":"https:\/\/ufmsecretariat.org\/fr\/wp-json\/wp\/v2\/tags?post=39448"},{"taxonomy":"priority-area","embeddable":true,"href":"https:\/\/ufmsecretariat.org\/fr\/wp-json\/wp\/v2\/priority-area?post=39448"}],"curies":[{"name":"wp","href":"https:\/\/api.w.org\/{rel}","templated":true}]}}