
{"id":40968,"date":"2017-03-07T18:23:11","date_gmt":"2017-03-07T17:23:11","guid":{"rendered":"https:\/\/ufmsecretariat.org\/womens-empowerment-is-at-the-core-of-the-ufms-regional-strategy\/"},"modified":"2017-03-07T18:30:11","modified_gmt":"2017-03-07T17:30:11","slug":"womens-empowerment-is-at-the-core-of-the-ufms-regional-strategy","status":"publish","type":"post","link":"https:\/\/ufmsecretariat.org\/fr\/womens-empowerment-is-at-the-core-of-the-ufms-regional-strategy\/","title":{"rendered":"L\u2019autonomisation des femmes au c\u0153ur de la strat\u00e9gie r\u00e9gionale de l\u2019UpM"},"content":{"rendered":"<section class=\"wpb-content-wrapper\"><p>[vc_row][vc_column][vc_column_text]<strong>Barcelone, le 7\u00a0mars\u00a02017.<\/strong> L\u2019Union pour la M\u00e9diterran\u00e9e se joint \u00e0 la communaut\u00e9 internationale pour c\u00e9l\u00e9brer la Journ\u00e9e Internationale des femmes \u00e0 travers la mise en \u0153uvre de projets et d\u2019initiatives dans le cadre de sa strat\u00e9gie sur l\u2019autonomisation des femmes.<\/p>\n<p>Les femmes ne disposent toujours pas des m\u00eames droits ni des m\u00eames chances que les hommes dans la r\u00e9gion. Dans les pays de l\u2019UE, si les femmes constituent plus de la moiti\u00e9 de la population universitaire (53,5\u00a0%), elles ne repr\u00e9sentaient que 29\u00a0% des membres des parlements en 2016. Ces pourcentages sont encore plus faibles dans les pays du sud de la M\u00e9diterran\u00e9e o\u00f9 elles repr\u00e9sentent 16\u00a0% des parlementaires et o\u00f9 seule 1\u00a0femme en \u00e2ge de travailler sur 4 exerce un emploi. En Europe et dans le reste du monde, ce taux de participation s\u2019\u00e9l\u00e8ve \u00e0 l\u00e9g\u00e8rement plus de 50\u00a0%.<\/p>\n<p>En coordination avec tous les \u00c9tats membres, le Secr\u00e9tariat g\u00e9n\u00e9ral de l\u2019UpM continue \u00e0 d\u00e9velopper un agenda de coop\u00e9ration r\u00e9gionale et de dialogue permettant de faire progresser la participation des femmes dans la vie publique, sociale et \u00e9conomique. Cet agenda comprend le d\u00e9veloppement de projets sp\u00e9cifiques ayant un impact particulier sur la situation des femmes. \u00c0 titre d\u2019exemple, 2017 verra la mise en \u0153uvre d\u2019un projet labellis\u00e9 par l\u2019UpM et promu par l\u2019Organisation des Nations Unies pour le d\u00e9veloppement industriel (ONUDI), visant \u00e0<a href=\"https:\/\/ufmsecretariat.org\/fr\/promoting-women-empowerment-for-inclusive-and-sustainable-industrial-development-in-the-mena-region\/\"> am\u00e9liorer l&#8217;int\u00e9gration \u00e9conomique des femmes<\/a> en soutenant les entreprises et les investissements dirig\u00e9s par des femmes en Alg\u00e9rie, en \u00c9gypte, en Jordanie, au Liban, au Maroc, en Palestine et en Tunisie.<\/p>\n<p>Conform\u00e9ment \u00e0 <a href=\"http:\/\/www.un.org\/sustainabledevelopment\/fr\/development-agenda\/\">l\u2019Agenda\u00a02030 pour le d\u00e9veloppement durable<\/a> et \u00e0 <a href=\"https:\/\/ufmsecretariat.org\/wp-content\/uploads\/2017\/01\/UfM-Roadmap-23-JAN-2017.pdf\">la Feuille de route de l\u2019UpM approuv\u00e9e par les ministres des Affaires \u00e9trang\u00e8res de l\u2019UpM le 23\u00a0janvier<\/a> 2017, l\u2019UpM souligne et soutient le r\u00f4le essentiel jou\u00e9 par les femmes et leur contribution d\u00e9cisive au d\u00e9veloppement humain, \u00e0 la prosp\u00e9rit\u00e9 et \u00e0 la stabilit\u00e9 dans la r\u00e9gion m\u00e9diterran\u00e9enne. L\u2019UpM y contribue \u00e0 plusieurs niveaux\u00a0:<\/p>\n<ul>\n<li><a href=\"https:\/\/ufmsecretariat.org\/fr\/projects\/\"><strong>Plus de 25\u00a0projets<\/strong><\/a> <strong>b\u00e9n\u00e9ficiant plus de 200\u00a0000\u00a0b\u00e9n\u00e9ficiaires<\/strong> et ayant un impact r\u00e9gional sur le <strong>d\u00e9veloppement<\/strong> <strong>humain <\/strong>ont \u00e9t\u00e9 officiellement lanc\u00e9s. Les projets mettant sp\u00e9cifiquement l\u2019accent sur l\u2019\u00e9galit\u00e9 des genres b\u00e9n\u00e9ficient \u00e0 plus de 50\u00a0000\u00a0femmes.<\/li>\n<li><strong>Construire un agenda commun de politiques r\u00e9gionales gr\u00e2ce aux r\u00e9unions minist\u00e9rielles de l\u2019UpM sur le \u00ab\u00a0renforcement du r\u00f4le des femmes dans la soci\u00e9t\u00e9\u00a0\u00bb.<\/strong> La tenue de la quatri\u00e8me r\u00e9union minist\u00e9rielle est pr\u00e9vue pour le second semestre 2017. Son but sera de d\u00e9finir un agenda r\u00e9gional commun sur l\u2019\u00e9galit\u00e9 des genres pour les prochaines ann\u00e9es.<\/li>\n<li>Le Secr\u00e9tariat g\u00e9n\u00e9ral de l\u2019UpM organise chaque ann\u00e9e une <strong>conf\u00e9rence de haut niveau sur l\u2019autonomisation des femmes<\/strong> afin d\u2019identifier, en partenariat avec les principaux acteurs r\u00e9gionaux, des solutions sp\u00e9cifiques et strat\u00e9giques permettant de promouvoir la pleine participation des femmes dans la soci\u00e9t\u00e9.<\/li>\n<li>Offrir une <strong>plateforme r\u00e9gionale pour la coop\u00e9ration et le dialogue<\/strong> entre les acteurs cl\u00e9s de la r\u00e9gion euro-m\u00e9diterran\u00e9enne en vue de renforcer la coop\u00e9ration, les partenariats et la compl\u00e9mentarit\u00e9 entre ces acteurs en recourant \u00e0 une approche aux multiples parties prenantes.<\/li>\n<li>Faire avancer l\u2019agenda sur l\u2019\u00e9galit\u00e9 des genres gr\u00e2ce \u00e0 <strong>des partenariats avec les pays membres, les institutions financi\u00e8res internationales et les organisations multilat\u00e9rales.<\/strong> Un accord financier pluriannuel de 6,5\u00a0millions d\u2019euros a r\u00e9cemment \u00e9t\u00e9 sign\u00e9 avec l\u2019Agence su\u00e9doise de d\u00e9veloppement (ASDI) afin d\u2019am\u00e9liorer la coop\u00e9ration r\u00e9gionale dans la r\u00e9gion m\u00e9diterran\u00e9enne. L\u2019autonomisation des femmes et l\u2019\u00e9galit\u00e9 des genres sont la raison d\u2019\u00eatre de cet accord.<\/li>\n<\/ul>\n<p><em>\u00ab\u00a0Le renforcement des initiatives de coop\u00e9ration, \u00e0 l\u2019\u00e9chelle r\u00e9gionale, dans le domaine de l\u2019autonomisation des femmes est crucial pour faire progresser efficacement l\u2019int\u00e9gration, la stabilit\u00e9 et le d\u00e9veloppement humain dans notre r\u00e9gion.<\/em> <em>Nous avons tous le devoir d\u2019agir collectivement et efficacement\u00a0\u00bb<\/em>, a d\u00e9clar\u00e9 <strong>Delphine Borione, Secr\u00e9taire g\u00e9n\u00e9rale adjointe aux Affaires civiles et sociales de l\u2019UpM.<\/strong>[\/vc_column_text][\/vc_column][\/vc_row][vc_row][vc_column width=&#8221;1\/2&#8243;][vc_video link=&#8221;https:\/\/www.youtube.com\/embed\/gwL13DH3nPk&#8221;][vc_column_text]<\/p>\n<p style=\"text-align: justify;\"><em>Clip audiovisuel r\u00e9sumant les activit\u00e9s de l\u2019UpM ainsi que ses principaux acteurs et destinataires dans le domaine de l\u2019\u00e9galit\u00e9 des genres. Elle comprend des d\u00e9clarations de Delphine Borione (Secr\u00e9taire g\u00e9n\u00e9rale adjointe aux Affaires civiles et sociales au Secr\u00e9tariat g\u00e9n\u00e9ral de l\u2019UpM) et de Samira Merai Fri\u00e2a (ministre tunisienne de la Femme, de la Famille et de l\u2019Enfance)<\/em><\/p>\n<p>[\/vc_column_text][\/vc_column][vc_column width=&#8221;1\/2&#8243;][vc_video link=&#8221;https:\/\/www.youtube.com\/embed\/qBQkLir6nN0&#8243; align=&#8221;center&#8221;][vc_column_text]<\/p>\n<p style=\"text-align: justify;\"><em>L\u2019histoire de Soukeina El Bouj, qui a construit une \u00e9cole gr\u00e2ce \u00e0 un programme de l\u2019UpM<\/em><\/p>\n<p>[\/vc_column_text][\/vc_column][\/vc_row]<\/p>\n<\/section>","protected":false},"excerpt":{"rendered":"<p>Les projets et les initiatives du Secr\u00e9tariat g\u00e9n\u00e9ral de l\u2019UpM sp\u00e9cialement consacr\u00e9s \u00e0 l\u2019autonomisation des femmes et \u00e0 l\u2019\u00e9galit\u00e9 des genres b\u00e9n\u00e9ficient \u00e0 plus de 50 000 femmes dans 20 pays euro-m\u00e9diterran\u00e9ens. En outre, une politique d\u2019\u00e9galit\u00e9 des genres est assur\u00e9e dans tous les projets de l\u2019UpM.<\/p>\n<p>En garantissant aux femmes une participation \u00e0 la vie publique et au march\u00e9 du travail \u00e9gale \u00e0 celle des hommes, la r\u00e9gion pourrait augmenter son PIB par habitant de 25 %.<\/p>\n<p>Les ministres des pays membres de l\u2019UpM se r\u00e9uniront cette ann\u00e9e lors de la quatri\u00e8me r\u00e9union minist\u00e9rielle sur le \u00ab renforcement du r\u00f4le des femmes dans la soci\u00e9t\u00e9 \u00bb afin d\u2019adopter un nouvel agenda pour l\u2019\u00e9galit\u00e9 des genres dans la r\u00e9gion euro-m\u00e9diterran\u00e9enne.  <\/p>\n","protected":false},"author":3,"featured_media":40965,"comment_status":"open","ping_status":"open","sticky":false,"template":"","format":"standard","meta":{"footnotes":""},"categories":[92,85,83,169],"tags":[],"priority-area":[205],"class_list":["post-40968","post","type-post","status-publish","format-standard","has-post-thumbnail","hentry","category-actualites","category-actualites-phares","category-affaires-civiles-sociales","category-social-civil-affairs-ufm-women-fr","priority-area-social-civil-affairs-fr"],"_links":{"self":[{"href":"https:\/\/ufmsecretariat.org\/fr\/wp-json\/wp\/v2\/posts\/40968","targetHints":{"allow":["GET"]}}],"collection":[{"href":"https:\/\/ufmsecretariat.org\/fr\/wp-json\/wp\/v2\/posts"}],"about":[{"href":"https:\/\/ufmsecretariat.org\/fr\/wp-json\/wp\/v2\/types\/post"}],"author":[{"embeddable":true,"href":"https:\/\/ufmsecretariat.org\/fr\/wp-json\/wp\/v2\/users\/3"}],"replies":[{"embeddable":true,"href":"https:\/\/ufmsecretariat.org\/fr\/wp-json\/wp\/v2\/comments?post=40968"}],"version-history":[{"count":5,"href":"https:\/\/ufmsecretariat.org\/fr\/wp-json\/wp\/v2\/posts\/40968\/revisions"}],"predecessor-version":[{"id":40980,"href":"https:\/\/ufmsecretariat.org\/fr\/wp-json\/wp\/v2\/posts\/40968\/revisions\/40980"}],"wp:featuredmedia":[{"embeddable":true,"href":"https:\/\/ufmsecretariat.org\/fr\/wp-json\/wp\/v2\/media\/40965"}],"wp:attachment":[{"href":"https:\/\/ufmsecretariat.org\/fr\/wp-json\/wp\/v2\/media?parent=40968"}],"wp:term":[{"taxonomy":"category","embeddable":true,"href":"https:\/\/ufmsecretariat.org\/fr\/wp-json\/wp\/v2\/categories?post=40968"},{"taxonomy":"post_tag","embeddable":true,"href":"https:\/\/ufmsecretariat.org\/fr\/wp-json\/wp\/v2\/tags?post=40968"},{"taxonomy":"priority-area","embeddable":true,"href":"https:\/\/ufmsecretariat.org\/fr\/wp-json\/wp\/v2\/priority-area?post=40968"}],"curies":[{"name":"wp","href":"https:\/\/api.w.org\/{rel}","templated":true}]}}