
{"id":41765,"date":"2017-03-22T10:47:53","date_gmt":"2017-03-22T09:47:53","guid":{"rendered":"https:\/\/ufmsecretariat.org\/ufm-world-water-day-addressing-water-scarcity-mediterranean\/"},"modified":"2017-09-01T09:01:31","modified_gmt":"2017-09-01T08:01:31","slug":"ufm-on-world-water-day-addressing-water-scarcity-in-the-mediterranean","status":"publish","type":"post","link":"https:\/\/ufmsecretariat.org\/fr\/ufm-on-world-water-day-addressing-water-scarcity-in-the-mediterranean\/","title":{"rendered":"L\u2019UpM et la Journ\u00e9e mondiale de l\u2019eau : faire face \u00e0 la p\u00e9nurie d\u2019eau dans la r\u00e9gion m\u00e9diterran\u00e9enne"},"content":{"rendered":"<p><strong>Barcelone, le 22 mars 2017 \u2013 <\/strong>La r\u00e9gion m\u00e9diterran\u00e9enne est l\u2019une des r\u00e9gions du monde les plus vuln\u00e9rables au changement climatique ainsi que l\u2019une des plus fragiles face \u00e0 la demande en eau. On estime que plus de 180\u00a0millions de personnes dans la r\u00e9gion ont un acc\u00e8s restreint \u00e0 l\u2019eau et que 60\u00a0millions suppl\u00e9mentaires sont confront\u00e9es au stress hydrique. Ces chiffres d\u00e9montrent l\u2019ampleur du d\u00e9fi auquel les pays de la r\u00e9gion doivent faire face. \u00c0 l\u2019occasion de la Journ\u00e9e mondiale de l\u2019eau, le Secr\u00e9tariat g\u00e9n\u00e9ral de l\u2019UpM insiste sur la n\u00e9cessit\u00e9 de continuer \u00e0 renforcer la coop\u00e9ration r\u00e9gionale afin d\u2019apporter des r\u00e9ponses \u00e0 cette question de plus en plus pr\u00e9occupante. En encourageant la d\u00e9finition d\u2019un <strong>agenda de l\u2019UpM sur l\u2019eau<\/strong>, en agissant en tant que plateforme pour la coop\u00e9ration et le<strong> dialogue<\/strong> \u00e0 travers le <strong>Groupe d\u2019experts de l\u2019UpM sur l\u2019eau<\/strong>, et en faisant avancer la mise en \u0153uvre d\u2019une s\u00e9rie de projets labellis\u00e9s par l\u2019UpM dans le secteur de l\u2019eau, le Secr\u00e9tariat g\u00e9n\u00e9ral met en \u0153uvre son engagement de faire de l\u2019eau une question prioritaire.<\/p>\n<p>Conform\u00e9ment \u00e0 l\u2019accent mis cette ann\u00e9e sur la question des eaux us\u00e9es, il convient de rappeler que plusieurs de ces enjeux sont directement li\u00e9s \u00e0 la diminution des ressources en eau et \u00e0 la gestion des eaux us\u00e9es en ville dans une r\u00e9gion o\u00f9 la <a href=\"http:\/\/www.eea.europa.eu\/data-and-maps\/daviz\/urban-population-growth-of-the#tab-chart_1\">population urbaine a tripl\u00e9<\/a> en un demi-si\u00e8cle. L\u2019UpM contribue \u00e0 relever ce d\u00e9fi en faisant progresser un nouvel agenda de d\u00e9veloppement urbain dans lequel ces questions jouent un r\u00f4le essentiel.<\/p>\n<p>Dans un tel contexte, la r\u00e9utilisation de l\u2019eau et les ressources en eau non conventionnelles sont extr\u00eamement prometteuses en tant que moyen de lutte contre la p\u00e9nurie d\u2019eau. Certains pays de la r\u00e9gion se situent d\u00e9j\u00e0 \u00e0 un taux d\u2019exploitation des ressources en eau douce naturelles et renouvelables proche de 100\u00a0% (selon l\u2019<a href=\"http:\/\/www.eea.europa.eu\/data-and-maps\/daviz\/water-exploitation-index-for-natural#tab-chart_1\">indice d\u2019exploitation des ressources en eau<\/a> de l\u2019Agence europ\u00e9enne pour l\u2019environnement [AEE]) et les statistiques actuelles relatives \u00e0 la r\u00e9utilisation des eaux us\u00e9es dans la r\u00e9gion m\u00e9diterran\u00e9enne d\u00e9montrent le grand potentiel offert par l\u2019extension de cette pratique.<\/p>\n<p>L\u2019UpM travaille actuellement sur 21\u00a0initiatives de d\u00e9veloppement durable, dont huit concernent sp\u00e9cifiquement le probl\u00e8me de l\u2019eau. Parmi les exemples les plus repr\u00e9sentatifs, il convient de mentionner les projets suivants\u00a0:<\/p>\n<p>&#8211;\u00a0Le\u00a0<a href=\"https:\/\/ufmsecretariat.org\/wp-content\/uploads\/2016\/10\/EW-Lake-Bizerte-against_EN.pdf\">programme int\u00e9gr\u00e9 pour la protection du lac de Bizerte contre la pollution<\/a>, lanc\u00e9 en Tunisie en novembre\u00a02016, qui contribue \u00e0 am\u00e9liorer les conditions environnementales et socio-\u00e9conomiques de plus de 400\u00a0000\u00a0habitants. Avec un investissement de 90\u00a0millions d\u2019euros de la BEI, la BERD, l\u2019UE et le Gouvernement tunisien, le projet fait partie de l\u2019Initiative euro-m\u00e9diterran\u00e9enne Horizon\u00a02020 pour une mer M\u00e9diterran\u00e9e plus propre et son ach\u00e8vement est pr\u00e9vu pour 2022.<\/p>\n<p>&#8211;\u00a0Le\u00a0<a href=\"https:\/\/ufmsecretariat.org\/the-desalination-facility-for-the-gaza-strip-project\/\">projet \u00ab\u00a0Usine de dessalement pour la bande de Gaza\u00a0\u00bb<\/a> qui aidera \u00e0 approvisionner en eau potable plus de 1,8\u00a0million de Palestiniens, offrant ainsi une solution durable \u00e0 la p\u00e9nurie d\u2019eau chronique et persistante dans la bande de Gaza. Les \u00e9tudes de faisabilit\u00e9 technique et financi\u00e8re du projet se sont achev\u00e9es et le Secr\u00e9tariat g\u00e9n\u00e9ral de l\u2019UpM travaille actuellement en \u00e9troite collaboration avec le Gouvernement de Palestine pour aider \u00e0 garantir l\u2019implication de plusieurs institutions financi\u00e8res internationales et organisations internationales dans la mise en \u0153uvre et la concr\u00e9tisation du projet sur le terrain.<\/p>\n<p>Conform\u00e9ment \u00e0 l\u2019<a href=\"http:\/\/www.un.org\/sustainabledevelopment\/development-agenda\/\">agenda des Nations Unies pour le d\u00e9veloppement durable \u00e0 l\u2019horizon\u00a02030<\/a>, le Secr\u00e9tariat g\u00e9n\u00e9ral de l\u2019UpM se joint \u00e0 la c\u00e9l\u00e9bration de la Journ\u00e9e mondiale de l\u2019eau et f\u00e9licite tous les acteurs et partenaires du bassin m\u00e9diterran\u00e9en impliqu\u00e9s pour leurs efforts visant \u00e0 garantir un acc\u00e8s \u00e0 l\u2019eau pour tous, une utilisation optimale des ressources et des \u00e9conomies plus durables. Il encourage par cons\u00e9quent le renforcement des synergies et des initiatives de collaboration pour la promotion de projets plus aboutis et susceptibles de changer la vie de milliers de personnes chaque ann\u00e9e.<\/p>\n<h4>Plus d&#8217;informations<\/h4>\n<p><iframe loading=\"lazy\" src=\"https:\/\/www.youtube.com\/embed\/EiohS9Y6fDs\" width=\"560\" height=\"315\" frameborder=\"0\" allowfullscreen=\"allowfullscreen\"><\/iframe><\/p>\n<p><em>Lancement du projet d\u2019assainissement du lac de Bizerte.<\/em><\/p>\n<p><iframe loading=\"lazy\" src=\"https:\/\/www.youtube.com\/embed\/8r_HJ2UIb9Q\" width=\"560\" height=\"315\" frameborder=\"0\" allowfullscreen=\"allowfullscreen\"><\/iframe><\/p>\n<p><em>Najwa Bourawi, Pr\u00e9sidente de l\u2019Association pour la Protection de l\u2019Environment et D\u00e9veloppment Durable du Bizerte (APEDDUB).<\/em><\/p>\n","protected":false},"excerpt":{"rendered":"<p>Barcelone, le 22 mars 2017 \u2013 La r\u00e9gion m\u00e9diterran\u00e9enne est l\u2019une des r\u00e9gions du monde les plus vuln\u00e9rables au changement climatique ainsi que l\u2019une des plus fragiles face \u00e0 la demande en eau. On estime que plus de 180\u00a0millions de personnes dans la r\u00e9gion ont un acc\u00e8s restreint \u00e0 l\u2019eau et que 60\u00a0millions suppl\u00e9mentaires sont<br \/><a href=\"https:\/\/ufmsecretariat.org\/fr\/ufm-on-world-water-day-addressing-water-scarcity-in-the-mediterranean\/\" class=\"more\">Lire la suite<\/a><\/p>\n","protected":false},"author":4,"featured_media":0,"comment_status":"open","ping_status":"open","sticky":false,"template":"","format":"standard","meta":{"footnotes":""},"categories":[92,85,79],"tags":[],"priority-area":[201],"class_list":["post-41765","post","type-post","status-publish","format-standard","hentry","category-actualites","category-actualites-phares","category-eau-environnement","priority-area-water-environment-fr"],"_links":{"self":[{"href":"https:\/\/ufmsecretariat.org\/fr\/wp-json\/wp\/v2\/posts\/41765","targetHints":{"allow":["GET"]}}],"collection":[{"href":"https:\/\/ufmsecretariat.org\/fr\/wp-json\/wp\/v2\/posts"}],"about":[{"href":"https:\/\/ufmsecretariat.org\/fr\/wp-json\/wp\/v2\/types\/post"}],"author":[{"embeddable":true,"href":"https:\/\/ufmsecretariat.org\/fr\/wp-json\/wp\/v2\/users\/4"}],"replies":[{"embeddable":true,"href":"https:\/\/ufmsecretariat.org\/fr\/wp-json\/wp\/v2\/comments?post=41765"}],"version-history":[{"count":1,"href":"https:\/\/ufmsecretariat.org\/fr\/wp-json\/wp\/v2\/posts\/41765\/revisions"}],"predecessor-version":[{"id":41766,"href":"https:\/\/ufmsecretariat.org\/fr\/wp-json\/wp\/v2\/posts\/41765\/revisions\/41766"}],"wp:attachment":[{"href":"https:\/\/ufmsecretariat.org\/fr\/wp-json\/wp\/v2\/media?parent=41765"}],"wp:term":[{"taxonomy":"category","embeddable":true,"href":"https:\/\/ufmsecretariat.org\/fr\/wp-json\/wp\/v2\/categories?post=41765"},{"taxonomy":"post_tag","embeddable":true,"href":"https:\/\/ufmsecretariat.org\/fr\/wp-json\/wp\/v2\/tags?post=41765"},{"taxonomy":"priority-area","embeddable":true,"href":"https:\/\/ufmsecretariat.org\/fr\/wp-json\/wp\/v2\/priority-area?post=41765"}],"curies":[{"name":"wp","href":"https:\/\/api.w.org\/{rel}","templated":true}]}}