
{"id":54648,"date":"2018-01-31T15:55:30","date_gmt":"2018-01-31T14:55:30","guid":{"rendered":"https:\/\/ufmsecretariat.org\/?p=54648"},"modified":"2017-12-21T13:28:12","modified_gmt":"2017-12-21T12:28:12","slug":"ufm-energy-platforms-annual-meeting","status":"publish","type":"post","link":"https:\/\/ufmsecretariat.org\/fr\/ufm-energy-platforms-annual-meeting\/","title":{"rendered":"R\u00e9union annuelle des plateformes \u00e9nerg\u00e9tiques de l&#8217;UpM"},"content":{"rendered":"<p><strong>31 janvier &#8211; 1er f\u00e9vrier 2018, Barcelone<\/strong>.- La r\u00e9union annuelle des trois plateformes \u00e9nerg\u00e9tiques de l&#8217;UpM sera l&#8217;occasion de pr\u00e9senter les r\u00e9sultats attendus et la mise en \u0153uvre des activit\u00e9s incluses dans le programme de travail 2017 ainsi que de pr\u00e9senter les activit\u00e9s pr\u00e9vues pour 2018.<\/p>\n<p>Con\u00e7ues pour fonctionner comme des m\u00e9canismes flexibles et rapides d\u2019\u00e9changes et de coop\u00e9ration, ces plateformes de l\u2019UpM sur l\u2019\u00e9nergie visent \u00e0 faciliter les partenariats, bas\u00e9s sur la confiance mutuelle et la transparence entre les \u00e9tats membres de l\u2019UpM et entre les acteurs concern\u00e9s par l\u2019\u00e9nergie dans la r\u00e9gion.<\/p>\n<p><strong>Projets labellis\u00e9s de l\u2019UpM<\/strong><\/p>\n<p>Le Secr\u00e9tariat g\u00e9n\u00e9ral de l\u2019UpM travaille activement avec l\u2019ensemble de ses partenaires au sein de la r\u00e9gion pour stimuler le d\u00e9veloppement durable gr\u00e2ce \u00e0 des initiatives et \u00e0 des projets concrets\u00a0:<\/p>\n<p>Le projet\u00a0<a href=\"https:\/\/ufmsecretariat.org\/tafila-wind-farms\/\"><strong>Tafila Wind Farm<\/strong><\/a>\u00a0ouvre de nouveaux horizons aux projets d\u2019\u00e9nergies renouvelables dans la r\u00e9gion m\u00e9diterran\u00e9enne. Le projet jordanien couvrira 3\u00a0% de la demande en \u00e9lectricit\u00e9 nationale et cr\u00e9era de nouveaux emplois substantiels pour des travailleurs qualifi\u00e9s.<\/p>\n<p>Le\u00a0<a href=\"https:\/\/ufmsecretariat.org\/semed-private-renewable-energy-framework-spref\/\"><strong>SPREF (Cadre des \u00e9nergies renouvelables priv\u00e9es \u2013 R\u00e9gion SEMed)<\/strong><\/a>\u00a0vise \u00e0 surmonter les obstacles entravant le d\u00e9veloppement des march\u00e9s priv\u00e9s des \u00e9nergies renouvelables au Maroc, en Tunisie, en \u00c9gypte et en Jordanie. D\u00e9velopp\u00e9 par la BERD, il fournit des m\u00e9canismes de financement efficaces et un soutien technique de coop\u00e9ration cibl\u00e9 pour la mise en \u0153uvre de projets d\u2019\u00e9nergies renouvelables dans la r\u00e9gion. Le \u00ab\u00a0SPREF\u00a0\u00bb permettra aux pays concern\u00e9s d\u2019atteindre leurs objectifs en termes d\u2019\u00e9nergies renouvelables et de r\u00e9duire leurs \u00e9missions de CO2.<\/p>\n<p>Le projet\u00a0<a href=\"https:\/\/ufmsecretariat.org\/ufm-energy-university-by-schneider-electric\/\"><strong>Energy University de Schneider Electric soutenu par l\u2019UpM<\/strong><\/a>\u00a0fournira des programmes d\u2019\u00e9ducation sp\u00e9cialis\u00e9e gratuits pour les professionnels de l\u2019\u00e9nergie par le biais d\u2019une plateforme en ligne. Les objectifs du projet sont le d\u00e9veloppement des comp\u00e9tences en efficacit\u00e9 \u00e9nerg\u00e9tique et en \u00e9nergies renouvelables gr\u00e2ce \u00e0 des cours en ligne gratuits et \u00e0 une mise en r\u00e9seau am\u00e9lior\u00e9e entre les experts r\u00e9gionaux en efficacit\u00e9 \u00e9nerg\u00e9tique et en \u00e9nergies renouvelables.<\/p>\n<p>&nbsp;<\/p>\n","protected":false},"excerpt":{"rendered":"<p>31 janvier &#8211; 1er f\u00e9vrier 2018, Barcelone.- La r\u00e9union annuelle des trois plateformes \u00e9nerg\u00e9tiques de l&#8217;UpM sera l&#8217;occasion de pr\u00e9senter les r\u00e9sultats attendus et la mise en \u0153uvre des activit\u00e9s incluses dans le programme de travail 2017 ainsi que de pr\u00e9senter les activit\u00e9s pr\u00e9vues pour 2018. Con\u00e7ues pour fonctionner comme des m\u00e9canismes flexibles et rapides<br \/><a href=\"https:\/\/ufmsecretariat.org\/fr\/ufm-energy-platforms-annual-meeting\/\" class=\"more\">Lire la suite<\/a><\/p>\n","protected":false},"author":4,"featured_media":55014,"comment_status":"open","ping_status":"open","sticky":false,"template":"","format":"standard","meta":{"footnotes":""},"categories":[78,162],"tags":[],"priority-area":[198],"class_list":["post-54648","post","type-post","status-publish","format-standard","has-post-thumbnail","hentry","category-energieetactionpourleclimat","category-evenements","priority-area-energy-climate-action-fr"],"_links":{"self":[{"href":"https:\/\/ufmsecretariat.org\/fr\/wp-json\/wp\/v2\/posts\/54648","targetHints":{"allow":["GET"]}}],"collection":[{"href":"https:\/\/ufmsecretariat.org\/fr\/wp-json\/wp\/v2\/posts"}],"about":[{"href":"https:\/\/ufmsecretariat.org\/fr\/wp-json\/wp\/v2\/types\/post"}],"author":[{"embeddable":true,"href":"https:\/\/ufmsecretariat.org\/fr\/wp-json\/wp\/v2\/users\/4"}],"replies":[{"embeddable":true,"href":"https:\/\/ufmsecretariat.org\/fr\/wp-json\/wp\/v2\/comments?post=54648"}],"version-history":[{"count":6,"href":"https:\/\/ufmsecretariat.org\/fr\/wp-json\/wp\/v2\/posts\/54648\/revisions"}],"predecessor-version":[{"id":56965,"href":"https:\/\/ufmsecretariat.org\/fr\/wp-json\/wp\/v2\/posts\/54648\/revisions\/56965"}],"wp:featuredmedia":[{"embeddable":true,"href":"https:\/\/ufmsecretariat.org\/fr\/wp-json\/wp\/v2\/media\/55014"}],"wp:attachment":[{"href":"https:\/\/ufmsecretariat.org\/fr\/wp-json\/wp\/v2\/media?parent=54648"}],"wp:term":[{"taxonomy":"category","embeddable":true,"href":"https:\/\/ufmsecretariat.org\/fr\/wp-json\/wp\/v2\/categories?post=54648"},{"taxonomy":"post_tag","embeddable":true,"href":"https:\/\/ufmsecretariat.org\/fr\/wp-json\/wp\/v2\/tags?post=54648"},{"taxonomy":"priority-area","embeddable":true,"href":"https:\/\/ufmsecretariat.org\/fr\/wp-json\/wp\/v2\/priority-area?post=54648"}],"curies":[{"name":"wp","href":"https:\/\/api.w.org\/{rel}","templated":true}]}}