
{"id":5624,"date":"2013-04-30T19:30:23","date_gmt":"2013-04-30T17:30:23","guid":{"rendered":"https:\/\/ufmsecretariat.org\/30-04-2013-kick-off-conference-for-the-project-young-women-as-job-creators-2\/"},"modified":"2016-12-13T12:48:10","modified_gmt":"2016-12-13T11:48:10","slug":"30-04-2013-kick-off-conference-for-the-project-young-women-as-job-creators","status":"publish","type":"post","link":"https:\/\/ufmsecretariat.org\/fr\/30-04-2013-kick-off-conference-for-the-project-young-women-as-job-creators\/","title":{"rendered":"Kick-off Conference for the project Young Women as Job Creators"},"content":{"rendered":"<p><em>UfM headquarters. Barcelona &#8211;\u00a0Start date: 30.04.2013<\/em><\/p>\n<p><a href=\"https:\/\/ufmsecretariat.org\/\/wp-content\/uploads\/2013\/04\/logo_vertical.jpg\"><img loading=\"lazy\" decoding=\"async\" class=\" wp-image-3737 alignleft\" alt=\"logo_vertical\" src=\"https:\/\/ufmsecretariat.org\/\/wp-content\/uploads\/2013\/04\/logo_vertical.jpg\" width=\"226\" height=\"261\" srcset=\"https:\/\/ufmsecretariat.org\/wp-content\/uploads\/2013\/04\/logo_vertical.jpg 472w, https:\/\/ufmsecretariat.org\/wp-content\/uploads\/2013\/04\/logo_vertical-260x300.jpg 260w, https:\/\/ufmsecretariat.org\/wp-content\/uploads\/2013\/04\/logo_vertical-270x311.jpg 270w\" sizes=\"auto, (max-width: 226px) 100vw, 226px\" \/><\/a><\/p>\n<p>The Secretariat of the Union for the Mediterranean will hold the Launching Conference of the Young Women as Job Creators project on Tuesday, 30 April 2013, at its headquarters in Barcelona.<\/p>\n<p>The Conference will be attended, among others, by the Secretary General of the Union for the Mediterranean, Fathallah Sijilmassi, the President of the Association of Organisations of Mediterranean Businesswomen (<i>AFAEMME<\/i>), Maria Helena de Felipe Lehtonen, the Spanish General Deputy Director for Women\u2019s Professional Promotion at the Ministry of \u00a0Health, Social Services and Gender Equality, Bego\u00f1a Su\u00e1rez Su\u00e1rez, the Coordinator for Africa of the Norwegian Ministry of Foreign Affairs, Arne Gjermundsen, the representative of Gas Natural Fenosa, Enrique Berenguer Marsal, and the Secretary for Foreign Affairs of la Generalitat de Catalunya, Roger Albinyana.<\/p>\n<p>Young Women as Job Creators is promoted by the Association of Organizations of Mediterranean Businesswomen (AFAEMME) and endorsed by the 43 Member States of the UfM. The project promotes self-employment and entrepreneurship among young female university students who are about to graduate from the University and have an interest in starting their own business. The project\u2019s core events are <b>Women Entrepreneurship Days<\/b> (WEDs). They will consist of seminars which will provide the participants with specific training and coaching to start their own businesses. The seminars will be hosted by local universities, faculties, businesswomen associations and partner institutions.<\/p>\n<p>The project&#8217;s presentation is open to the media and will be followed by press declarations by the Secretary General of the Union for the Mediterranean, Fathallah Sijilmassi, and the President of the Association of Organisations of Mediterranean Businesswomen (AFAEMME), Maria Helena de Felipe Lehtonen.<\/p>\n<p>More information on the project\u00a0<a href=\"https:\/\/ufmsecretariat.org\/fr\/young-women-as-job-creators-2\/\">here<\/a><\/p>\n","protected":false},"excerpt":{"rendered":"<p>UfM headquarters. Barcelona &#8211;\u00a0Start date: 30.04.2013 The Secretariat of the Union for the Mediterranean will hold the Launching Conference of the Young Women as Job Creators project on Tuesday, 30 April 2013, at its headquarters in Barcelona. The Conference will be attended, among others, by the Secretary General of the Union for the Mediterranean, Fathallah<br \/><a href=\"https:\/\/ufmsecretariat.org\/fr\/30-04-2013-kick-off-conference-for-the-project-young-women-as-job-creators\/\" class=\"more\">Lire la suite<\/a><\/p>\n","protected":false},"author":3,"featured_media":0,"comment_status":"open","ping_status":"open","sticky":false,"template":"","format":"standard","meta":{"footnotes":""},"categories":[83,162],"tags":[],"priority-area":[205],"class_list":["post-5624","post","type-post","status-publish","format-standard","hentry","category-affaires-civiles-sociales","category-evenements","priority-area-social-civil-affairs-fr"],"_links":{"self":[{"href":"https:\/\/ufmsecretariat.org\/fr\/wp-json\/wp\/v2\/posts\/5624","targetHints":{"allow":["GET"]}}],"collection":[{"href":"https:\/\/ufmsecretariat.org\/fr\/wp-json\/wp\/v2\/posts"}],"about":[{"href":"https:\/\/ufmsecretariat.org\/fr\/wp-json\/wp\/v2\/types\/post"}],"author":[{"embeddable":true,"href":"https:\/\/ufmsecretariat.org\/fr\/wp-json\/wp\/v2\/users\/3"}],"replies":[{"embeddable":true,"href":"https:\/\/ufmsecretariat.org\/fr\/wp-json\/wp\/v2\/comments?post=5624"}],"version-history":[{"count":3,"href":"https:\/\/ufmsecretariat.org\/fr\/wp-json\/wp\/v2\/posts\/5624\/revisions"}],"predecessor-version":[{"id":5638,"href":"https:\/\/ufmsecretariat.org\/fr\/wp-json\/wp\/v2\/posts\/5624\/revisions\/5638"}],"wp:attachment":[{"href":"https:\/\/ufmsecretariat.org\/fr\/wp-json\/wp\/v2\/media?parent=5624"}],"wp:term":[{"taxonomy":"category","embeddable":true,"href":"https:\/\/ufmsecretariat.org\/fr\/wp-json\/wp\/v2\/categories?post=5624"},{"taxonomy":"post_tag","embeddable":true,"href":"https:\/\/ufmsecretariat.org\/fr\/wp-json\/wp\/v2\/tags?post=5624"},{"taxonomy":"priority-area","embeddable":true,"href":"https:\/\/ufmsecretariat.org\/fr\/wp-json\/wp\/v2\/priority-area?post=5624"}],"curies":[{"name":"wp","href":"https:\/\/api.w.org\/{rel}","templated":true}]}}