
{"id":57656,"date":"2018-01-23T18:39:21","date_gmt":"2018-01-23T17:39:21","guid":{"rendered":"https:\/\/ufmsecretariat.org\/?p=57656"},"modified":"2019-01-08T13:42:50","modified_gmt":"2019-01-08T12:42:50","slug":"ministres-affaires-etrangeres-dialogue-5","status":"publish","type":"post","link":"https:\/\/ufmsecretariat.org\/fr\/ministres-affaires-etrangeres-dialogue-5\/","title":{"rendered":"Les Ministres des Affaires \u00e9trang\u00e8res du \u00ab Dialogue 5 + 5 \u00bb saluent le r\u00f4le moteur de l\u2019Union pour la M\u00e9diterran\u00e9e dans la r\u00e9gion"},"content":{"rendered":"<p><strong>Les ministres des Affaires \u00e9trang\u00e8res du \u00abDialogue 5 + 5\u00bb se sont r\u00e9unis \u00e0 Alger le 21 janvier 2018 pour discuter du r\u00f4le de la M\u00e9diterran\u00e9e occidentale dans la promotion d&#8217;un d\u00e9veloppement socio-\u00e9conomique inclusif, partag\u00e9 et durable afin de relever les d\u00e9fis communs auxquels la r\u00e9gion est confront\u00e9e.\u00a0<\/strong><\/p>\n<p><strong>Barcelone, le 22 janvier 2018 &#8211; <\/strong>La 14<sup>\u00e8me<\/sup> r\u00e9union des Ministres des Affaires \u00e9trang\u00e8res du \u00ab\u00a0Dialogue 5+5\u00a0\u00bb en M\u00e9diterran\u00e9e occidentale s\u2019est tenue \u00e0 Alger le 21 janvier 2018, sous la co-pr\u00e9sidence de M. Abdelkader Messahel, Ministre des Affaires \u00e9trang\u00e8res de la R\u00e9publique alg\u00e9rienne d\u00e9mocratique et populaire, et M. Jean-Yves Le Drian, Ministre de l\u2019Europe et des Affaires \u00e9trang\u00e8res de la R\u00e9publique fran\u00e7aise.<\/p>\n<p>L\u2019Union pour la M\u00e9diterran\u00e9e a pris part \u00e0 cette r\u00e9union en tant que partenaire du \u00ab\u00a0Dialogue 5 + 5\u00a0\u00bb et a \u00e9t\u00e9 repr\u00e9sent\u00e9e par son Secr\u00e9taire g\u00e9n\u00e9ral, M. Fathallah Sijilmassi. Lors de la conf\u00e9rence, \u00ab\u00a0les Ministres ont salu\u00e9 le r\u00f4le moteur de l\u2019UpM, rappelant l\u2019importance pour le Secr\u00e9tariat g\u00e9n\u00e9ral de continuer \u00e0 promouvoir des projets concrets et structurants\u00a0\u00bb. Les Ministres se sont engag\u00e9s \u00e0 plaider en faveur d\u2019un r\u00f4le renforc\u00e9 de l\u2019UpM, \u00e0 en am\u00e9liorer la gouvernance, \u00e0 rehausser le dialogue politique en son sein, et \u00e0 renforcer les synergies avec le \u00ab\u00a0Dialogue 5+5\u00a0\u00bb ainsi qu\u2019avec les autres entit\u00e9s euro-m\u00e9diterran\u00e9ennes.<\/p>\n<p>Les travaux de cette 14<sup>\u00e8me<\/sup> r\u00e9union ont \u00e9t\u00e9 ax\u00e9s sur des th\u00e9matiques centrales en M\u00e9diterran\u00e9e, notamment la promotion d\u2019un d\u00e9veloppement inclusif et partag\u00e9, la jeunesse et l\u2019emploi, la migration, et le d\u00e9veloppement durable.\u00a0Les Ministres ainsi que leurs partenaires strat\u00e9giques ont partag\u00e9 \u00e0 cette occasion leur volont\u00e9 de coop\u00e9ration et d\u2019\u00e9change pour apporter des r\u00e9ponses concr\u00e8tes aux probl\u00e9matiques de d\u00e9veloppement \u00e9conomique, social et durable dans la r\u00e9gion, en mettant particuli\u00e8rement l&#8217;accent sur la cr\u00e9ation d\u2019emploi pour les jeunes.<\/p>\n<p>Le Secr\u00e9taire g\u00e9n\u00e9ral de l\u2019UpM, M. Fathallah Sijilmassi, a soulign\u00e9\u00a0la n\u00e9cessit\u00e9 d\u2019allier vision et ambition avec l\u2019action et la mobilisation\u00a0de tous les acteurs de la coop\u00e9ration r\u00e9gionale pour amplifier les r\u00e9sultats. L\u2019UpM a labellis\u00e9 ces derni\u00e8res ann\u00e9es plus de 50 projets de coop\u00e9ration r\u00e9gionale concrets, notamment \u00ab <a href=\"https:\/\/ufmsecretariat.org\/fr\/project\/mediterranean-initiative-for-jobs-med4jobs\/\">l\u2019Initiative M\u00e9diterran\u00e9enne pour l\u2019Emploi (Med4Jobs)<\/a>\u00a0\u00bb qui vise \u00e0 am\u00e9liorer l\u2019employabilit\u00e9 des jeunes et des femmes, \u00e0 combler le foss\u00e9 existant entre l\u2019offre et la demande d\u2019emploi et \u00e0 promouvoir une culture de l\u2019entrepreneuriat et le d\u00e9veloppement du secteur priv\u00e9.<\/p>\n<p><strong>Pour plus d\u2019information<\/strong><\/p>\n<p>Le Forum de la M\u00e9diterran\u00e9e occidentale, commun\u00e9ment appel\u00e9 \u00ab\u00a0Dialogue\u00a05+5\u00a0\u00bb, est un dialogue politique informel qui r\u00e9unit dix pays de la M\u00e9diterran\u00e9e occidentale\u00a0: Alg\u00e9rie, Espagne, France, Italie, Libye, Malte, Mauritanie, Maroc, Portugal et Tunisie. Lanc\u00e9 en 1990, il vise \u00e0 renforcer et \u00e0 enrichir le dialogue politique, \u00e9conomique et culturel entre les deux rives de la M\u00e9diterran\u00e9e.<\/p>\n<p>Lien vers la D\u00e9claration\u00a0:\u00a0<a href=\"https:\/\/ufmsecretariat.org\/wp-content\/uploads\/2018\/01\/55-D\u00e9claration-dAlger.pdf\">https:\/\/ufmsecretariat.org\/wp-content\/uploads\/2018\/01\/55-D\u00e9claration-dAlger.pdf<\/a><\/p>\n<p>&nbsp;<\/p>\n","protected":false},"excerpt":{"rendered":"<p>Les ministres des Affaires \u00e9trang\u00e8res du \u00abDialogue 5 + 5\u00bb se sont r\u00e9unis \u00e0 Alger le 21 janvier 2018 pour discuter du r\u00f4le de la M\u00e9diterran\u00e9e occidentale dans la promotion d&#8217;un d\u00e9veloppement socio-\u00e9conomique inclusif, partag\u00e9 et durable afin de relever les d\u00e9fis communs auxquels la r\u00e9gion est confront\u00e9e.\u00a0 Barcelone, le 22 janvier 2018 &#8211; La<br \/><a href=\"https:\/\/ufmsecretariat.org\/fr\/ministres-affaires-etrangeres-dialogue-5\/\" class=\"more\">Lire la suite<\/a><\/p>\n","protected":false},"author":3,"featured_media":57657,"comment_status":"open","ping_status":"open","sticky":false,"template":"","format":"standard","meta":{"footnotes":""},"categories":[92,85],"tags":[],"priority-area":[],"class_list":["post-57656","post","type-post","status-publish","format-standard","has-post-thumbnail","hentry","category-actualites","category-actualites-phares"],"_links":{"self":[{"href":"https:\/\/ufmsecretariat.org\/fr\/wp-json\/wp\/v2\/posts\/57656","targetHints":{"allow":["GET"]}}],"collection":[{"href":"https:\/\/ufmsecretariat.org\/fr\/wp-json\/wp\/v2\/posts"}],"about":[{"href":"https:\/\/ufmsecretariat.org\/fr\/wp-json\/wp\/v2\/types\/post"}],"author":[{"embeddable":true,"href":"https:\/\/ufmsecretariat.org\/fr\/wp-json\/wp\/v2\/users\/3"}],"replies":[{"embeddable":true,"href":"https:\/\/ufmsecretariat.org\/fr\/wp-json\/wp\/v2\/comments?post=57656"}],"version-history":[{"count":6,"href":"https:\/\/ufmsecretariat.org\/fr\/wp-json\/wp\/v2\/posts\/57656\/revisions"}],"predecessor-version":[{"id":73025,"href":"https:\/\/ufmsecretariat.org\/fr\/wp-json\/wp\/v2\/posts\/57656\/revisions\/73025"}],"wp:featuredmedia":[{"embeddable":true,"href":"https:\/\/ufmsecretariat.org\/fr\/wp-json\/wp\/v2\/media\/57657"}],"wp:attachment":[{"href":"https:\/\/ufmsecretariat.org\/fr\/wp-json\/wp\/v2\/media?parent=57656"}],"wp:term":[{"taxonomy":"category","embeddable":true,"href":"https:\/\/ufmsecretariat.org\/fr\/wp-json\/wp\/v2\/categories?post=57656"},{"taxonomy":"post_tag","embeddable":true,"href":"https:\/\/ufmsecretariat.org\/fr\/wp-json\/wp\/v2\/tags?post=57656"},{"taxonomy":"priority-area","embeddable":true,"href":"https:\/\/ufmsecretariat.org\/fr\/wp-json\/wp\/v2\/priority-area?post=57656"}],"curies":[{"name":"wp","href":"https:\/\/api.w.org\/{rel}","templated":true}]}}