
{"id":7723,"date":"2013-11-13T12:23:34","date_gmt":"2013-11-13T10:23:34","guid":{"rendered":"https:\/\/ufmsecretariat.org\/?p=7723"},"modified":"2013-11-13T18:52:50","modified_gmt":"2013-11-13T16:52:50","slug":"conference-de-rabat-pour-le-developpement-durable","status":"publish","type":"post","link":"https:\/\/ufmsecretariat.org\/fr\/conference-de-rabat-pour-le-developpement-durable\/","title":{"rendered":"Conf\u00e9rence de Rabat pour le D\u00e9veloppement Durable"},"content":{"rendered":"<p><em><strong>13-14 novembre, Rabat, Maroc (Hotel Sofitel Rabat)<\/strong><\/em><\/p>\n<p style=\"text-align: center;\"><a href=\"https:\/\/ufmsecretariat.org\/\/wp-content\/uploads\/2013\/11\/BANDEROLE-g\u00e9n\u00e9rique-2.jpg\"><img loading=\"lazy\" decoding=\"async\" class=\"aligncenter  wp-image-7922\" alt=\"BANDEROLE-g\u00e9n\u00e9rique (2)\" src=\"https:\/\/ufmsecretariat.org\/\/wp-content\/uploads\/2013\/11\/BANDEROLE-g\u00e9n\u00e9rique-2-772x1024.jpg\" width=\"463\" height=\"614\" srcset=\"https:\/\/ufmsecretariat.org\/wp-content\/uploads\/2013\/11\/BANDEROLE-g\u00e9n\u00e9rique-2-772x1024.jpg 772w, https:\/\/ufmsecretariat.org\/wp-content\/uploads\/2013\/11\/BANDEROLE-g\u00e9n\u00e9rique-2-226x300.jpg 226w, https:\/\/ufmsecretariat.org\/wp-content\/uploads\/2013\/11\/BANDEROLE-g\u00e9n\u00e9rique-2-270x358.jpg 270w, https:\/\/ufmsecretariat.org\/wp-content\/uploads\/2013\/11\/BANDEROLE-g\u00e9n\u00e9rique-2.jpg 1448w\" sizes=\"auto, (max-width: 463px) 100vw, 463px\" \/><\/a><\/p>\n<p>Apr\u00e8s le large succ\u00e8s remport\u00e9 par le Forum de Paris &#8211; Casablanca Round, devenu un rendez-vous \u00e9conomique et une plateforme de d\u00e9bats de r\u00e9f\u00e9rence, Rabat s&#8217;appr\u00eate, \u00e0 son tour, \u00e0 arbitrer la Conf\u00e9rence de Rabat pour le D\u00e9veloppement Durable, les 13 et 14 novembre 2013.<\/p>\n<p>Initi\u00e9e par Albert Mallet, cette rencontre aura lieu au Sofitel de Rabat, en partenariat avec l&#8217;Union pour la M\u00e9diterran\u00e9e et la Ville de Rabat. L&#8217;\u00e9dition 2013 de la Conf\u00e9rence de Rabat pour le D\u00e9veloppement Durable est plac\u00e9e sous le signe de la M\u00e9diterran\u00e9e. Elle vise, dans le cadre d&#8217;un rendez-vous annuel, \u00e0 promouvoir la r\u00e9flexion, le changement et l&#8217;innovation ainsi qu&#8217;\u00e0 donner la parole aux acteurs engag\u00e9s dans la mise en \u0153uvre du d\u00e9veloppement durable.<\/p>\n<p>Plus d\u2019information ici:\u00a0<a href=\"http:\/\/www.conferencederabat.org\/\">http:\/\/www.conferencederabat.org\/<\/a><\/p>\n","protected":false},"excerpt":{"rendered":"<p>13-14 novembre, Rabat, Maroc (Hotel Sofitel Rabat) Apr\u00e8s le large succ\u00e8s remport\u00e9 par le Forum de Paris &#8211; Casablanca Round, devenu un rendez-vous \u00e9conomique et une plateforme de d\u00e9bats de r\u00e9f\u00e9rence, Rabat s&#8217;appr\u00eate, \u00e0 son tour, \u00e0 arbitrer la Conf\u00e9rence de Rabat pour le D\u00e9veloppement Durable, les 13 et 14 novembre 2013. Initi\u00e9e par Albert<br \/><a href=\"https:\/\/ufmsecretariat.org\/fr\/conference-de-rabat-pour-le-developpement-durable\/\" class=\"more\">Lire la suite<\/a><\/p>\n","protected":false},"author":3,"featured_media":0,"comment_status":"open","ping_status":"open","sticky":false,"template":"","format":"standard","meta":{"footnotes":""},"categories":[78,162],"tags":[],"priority-area":[],"class_list":["post-7723","post","type-post","status-publish","format-standard","hentry","category-energieetactionpourleclimat","category-evenements"],"_links":{"self":[{"href":"https:\/\/ufmsecretariat.org\/fr\/wp-json\/wp\/v2\/posts\/7723","targetHints":{"allow":["GET"]}}],"collection":[{"href":"https:\/\/ufmsecretariat.org\/fr\/wp-json\/wp\/v2\/posts"}],"about":[{"href":"https:\/\/ufmsecretariat.org\/fr\/wp-json\/wp\/v2\/types\/post"}],"author":[{"embeddable":true,"href":"https:\/\/ufmsecretariat.org\/fr\/wp-json\/wp\/v2\/users\/3"}],"replies":[{"embeddable":true,"href":"https:\/\/ufmsecretariat.org\/fr\/wp-json\/wp\/v2\/comments?post=7723"}],"version-history":[{"count":4,"href":"https:\/\/ufmsecretariat.org\/fr\/wp-json\/wp\/v2\/posts\/7723\/revisions"}],"predecessor-version":[{"id":7728,"href":"https:\/\/ufmsecretariat.org\/fr\/wp-json\/wp\/v2\/posts\/7723\/revisions\/7728"}],"wp:attachment":[{"href":"https:\/\/ufmsecretariat.org\/fr\/wp-json\/wp\/v2\/media?parent=7723"}],"wp:term":[{"taxonomy":"category","embeddable":true,"href":"https:\/\/ufmsecretariat.org\/fr\/wp-json\/wp\/v2\/categories?post=7723"},{"taxonomy":"post_tag","embeddable":true,"href":"https:\/\/ufmsecretariat.org\/fr\/wp-json\/wp\/v2\/tags?post=7723"},{"taxonomy":"priority-area","embeddable":true,"href":"https:\/\/ufmsecretariat.org\/fr\/wp-json\/wp\/v2\/priority-area?post=7723"}],"curies":[{"name":"wp","href":"https:\/\/api.w.org\/{rel}","templated":true}]}}