
{"id":83276,"date":"2019-09-17T18:52:53","date_gmt":"2019-09-17T17:52:53","guid":{"rendered":"https:\/\/ufmsecretariat.org\/\/?p=83276"},"modified":"2019-09-17T18:54:00","modified_gmt":"2019-09-17T17:54:00","slug":"rentree-universite-euromed-fes","status":"publish","type":"post","link":"https:\/\/ufmsecretariat.org\/fr\/rentree-universite-euromed-fes\/","title":{"rendered":"Rentr\u00e9e universitaire 2019-2020 : Plus de 700 nouveaux \u00e9tudiants int\u00e8grent l\u2019Universit\u00e9 EuroMed de F\u00e8s"},"content":{"rendered":"<ul>\n<li><strong>L&#8217;Universit\u00e9 labellis\u00e9e par l\u2019Union pour la M\u00e9diterran\u00e9e poursuit son expansion gr\u00e2ce \u00e0 la premi\u00e8re rentr\u00e9e pour la nouvelle \u00c9cole d\u2019Ing\u00e9nierie Digitale et de l\u2019Ing\u00e9nierie Artificielle.<\/strong><\/li>\n<li><strong>L\u2019Universit\u00e9 consolide l\u2019internationalisation gr\u00e2ce \u00e0 l\u2019obtention de nouveaux projets Erasmus +<\/strong><\/li>\n<\/ul>\n<p>La rentr\u00e9e inaugurale de l\u2019<a href=\"http:\/\/www.ueuromed.org\" target=\"_blank\" rel=\"noopener\">Universit\u00e9 EuroMed de F\u00e8s<\/a> a eu lieu ce lundi 16 septembre 2019, avec plus de 700 nouveaux inscrits (85% en Ing\u00e9nierie et Architecture et 15% en Sciences Humaines et Sociales), Principale nouveaut\u00e9 au niveau de l\u2019offre de formation, l\u2019Ecole d\u2019Ing\u00e9nierie Digitale et de l\u2019Ing\u00e9nierie Artificielle (EIDIA), qui a accueilli ses premiers 120 inscrits s\u00e9lectionn\u00e9s sur crit\u00e8res acad\u00e9miques. A l\u2019issue de deux premi\u00e8res ann\u00e9es de classes pr\u00e9paratoires, ces \u00e9tudiants effectueront une ann\u00e9e de tronc commun avant de se sp\u00e9cialiser en quatri\u00e8me et en cinqui\u00e8me ann\u00e9e, en robotique et cobotique (collaboration homme-robot), en intelligence artificielle, en cyber-s\u00e9curit\u00e9, en technologies du web et du mobile ou bien en analyse des mega-donnees (big data). Cette formation innovante, r\u00e9solument orient\u00e9e applications industrielles, est sanctionn\u00e9e par l\u2019obtention du dipl\u00f4me d\u2019ing\u00e9nieur d\u2019Etat.<\/p>\n<p>L\u2019Universit\u00e9 EuroMed de F\u00e8s lance aussi \u00e0 la rentr\u00e9e universitaire 2019-2020 un nouveau cursus de Master en \u00ab\u00a0Conception et Ing\u00e9nierie de B\u00e2timents Verts\u00a0\u00bb s\u2019adressant aux dipl\u00f4m\u00e9s en g\u00e9nie civil et m\u00e9tiers du b\u00e2timent. La structure p\u00e9dagogique de ce Master a \u00e9t\u00e9 d\u00e9velopp\u00e9e en coop\u00e9ration \u00e9troite avec l\u2019Universit\u00e9 de G\u00eanes (Italie), l\u2019Universit\u00e9 de La Rochelle (France) et l\u2019Universit\u00e9 de Varsovie (Pologne), ainsi qu\u2019avec l\u2019Universit\u00e9 de Tlemcen (Alg\u00e9rie) et l\u2019Universit\u00e9 de Sousse (Tunisie) o\u00f9 il sera \u00e9galement d\u00e9ploy\u00e9, dans le cadre du projet euro-m\u00e9diterran\u00e9en <a href=\"http:\/\/www.proemed.eu\/\">Proemed<\/a> co-financ\u00e9 par le programme Erasmus+.<\/p>\n<p>L\u2019ann\u00e9e acad\u00e9mique 2019-2020 verra enfin l\u2019offre de mobilit\u00e9 internationale de l\u2019Universit\u00e9 EuroMed de Fes se diversifier, trois nouveaux projets Erasmus + ayant \u00e9t\u00e9 approuv\u00e9s entre l\u2019Universit\u00e9 et ses partenaires en Allemagne, en Espagne et au Portugal. L\u2019Universit\u00e9 EuroMed de Fes participera aussi aux c\u00f4t\u00e9s de l\u2019Universit\u00e9 EMUNI \u2013 \u00e9galement labellis\u00e9s par l\u2019UpM &#8211; \u00e0 un projet Erasmus + de renforcement des capacit\u00e9s des universit\u00e9s des pays de la rive sud de la M\u00e9diterran\u00e9e pour la mise en place de strat\u00e9gies d\u2019internationalisation sur place (internationalisation at home).<\/p>\n<p><strong>Pour en savoir plus<\/strong><\/p>\n<p>Labellis\u00e9e en 2012 par l\u2019Union pour la M\u00e9diterran\u00e9e avec l\u2019appui de ses 43 Etats membres, l\u2019Universit\u00e9 EuroMed de Fes constitue une plateforme acad\u00e9mique r\u00e9gionale bas\u00e9e sur le dialogue interculturel, l\u2019\u00e9change et la coop\u00e9ration entre les deux rives de la M\u00e9diterran\u00e9e.<\/p>\n<p>&nbsp;<\/p>\n","protected":false},"excerpt":{"rendered":"<p>L&#8217;Universit\u00e9 labellis\u00e9e par l\u2019Union pour la M\u00e9diterran\u00e9e poursuit son expansion gr\u00e2ce \u00e0 la premi\u00e8re rentr\u00e9e pour la nouvelle \u00c9cole d\u2019Ing\u00e9nierie Digitale et de l\u2019Ing\u00e9nierie Artificielle. L\u2019Universit\u00e9 consolide l\u2019internationalisation gr\u00e2ce \u00e0 l\u2019obtention de nouveaux projets Erasmus + La rentr\u00e9e inaugurale de l\u2019Universit\u00e9 EuroMed de F\u00e8s a eu lieu ce lundi 16 septembre 2019, avec plus de<br \/><a href=\"https:\/\/ufmsecretariat.org\/fr\/rentree-universite-euromed-fes\/\" class=\"more\">Lire la suite<\/a><\/p>\n","protected":false},"author":3,"featured_media":83303,"comment_status":"open","ping_status":"open","sticky":false,"template":"","format":"standard","meta":{"footnotes":""},"categories":[92,85],"tags":[],"priority-area":[203],"class_list":["post-83276","post","type-post","status-publish","format-standard","has-post-thumbnail","hentry","category-actualites","category-actualites-phares","priority-area-higher-education-research-fr"],"_links":{"self":[{"href":"https:\/\/ufmsecretariat.org\/fr\/wp-json\/wp\/v2\/posts\/83276","targetHints":{"allow":["GET"]}}],"collection":[{"href":"https:\/\/ufmsecretariat.org\/fr\/wp-json\/wp\/v2\/posts"}],"about":[{"href":"https:\/\/ufmsecretariat.org\/fr\/wp-json\/wp\/v2\/types\/post"}],"author":[{"embeddable":true,"href":"https:\/\/ufmsecretariat.org\/fr\/wp-json\/wp\/v2\/users\/3"}],"replies":[{"embeddable":true,"href":"https:\/\/ufmsecretariat.org\/fr\/wp-json\/wp\/v2\/comments?post=83276"}],"version-history":[{"count":1,"href":"https:\/\/ufmsecretariat.org\/fr\/wp-json\/wp\/v2\/posts\/83276\/revisions"}],"predecessor-version":[{"id":83277,"href":"https:\/\/ufmsecretariat.org\/fr\/wp-json\/wp\/v2\/posts\/83276\/revisions\/83277"}],"wp:featuredmedia":[{"embeddable":true,"href":"https:\/\/ufmsecretariat.org\/fr\/wp-json\/wp\/v2\/media\/83303"}],"wp:attachment":[{"href":"https:\/\/ufmsecretariat.org\/fr\/wp-json\/wp\/v2\/media?parent=83276"}],"wp:term":[{"taxonomy":"category","embeddable":true,"href":"https:\/\/ufmsecretariat.org\/fr\/wp-json\/wp\/v2\/categories?post=83276"},{"taxonomy":"post_tag","embeddable":true,"href":"https:\/\/ufmsecretariat.org\/fr\/wp-json\/wp\/v2\/tags?post=83276"},{"taxonomy":"priority-area","embeddable":true,"href":"https:\/\/ufmsecretariat.org\/fr\/wp-json\/wp\/v2\/priority-area?post=83276"}],"curies":[{"name":"wp","href":"https:\/\/api.w.org\/{rel}","templated":true}]}}