
{"id":97972,"date":"2020-06-08T13:11:18","date_gmt":"2020-06-08T12:11:18","guid":{"rendered":"https:\/\/ufmsecretariat.org\/\/pollution-covid19\/"},"modified":"2020-06-08T15:11:24","modified_gmt":"2020-06-08T14:11:24","slug":"pollution-covid19","status":"publish","type":"post","link":"https:\/\/ufmsecretariat.org\/fr\/pollution-covid19\/","title":{"rendered":"Le lien mortif\u00e8re entre pollution et COVID19 : un tournant pour la r\u00e9gion m\u00e9diterran\u00e9enne"},"content":{"rendered":"<section class=\"wpb-content-wrapper\"><p>[vc_row][vc_column width=&#8221;3\/4&#8243;][vc_custom_heading text=&#8221;Le lien mortif\u00e8re entre pollution et COVID19 : un tournant pour la r\u00e9gion m\u00e9diterran\u00e9enne&#8221; font_container=&#8221;tag:h1|font_size:44|text_align:left|color:%23444444|line_height:1&#8243; google_fonts=&#8221;font_family:Montserrat%3Aregular%2C700|font_style:400%20regular%3A400%3Anormal&#8221;][vc_column_text css=&#8221;.vc_custom_1591625188764{margin-left: 00px !important;border-top-width: 1px !important;border-right-width: 1px !important;border-bottom-width: 1px !important;border-left-width: 1px !important;padding-top: 5px !important;padding-right: 10px !important;padding-bottom: 5px !important;padding-left: 10px !important;background-color: #eaeaea !important;border-left-color: #d1cccc !important;border-left-style: solid !important;border-right-color: #d1cccc !important;border-right-style: solid !important;border-top-color: #d1cccc !important;border-top-style: solid !important;border-bottom-color: #d1cccc !important;border-bottom-style: solid !important;}&#8221;]<\/p>\n<p class=\"p1\"><span class=\"s1\"><i>Par Grammenos Mastrojeni, Secr\u00e9taire G\u00e9n\u00e9ral Adjoint de l&#8217;Union pour la M\u00e9diterran\u00e9e et Leonardo Becchetti, Professeur d\u2019\u00e9conomie.<\/i><\/span><\/p>\n<p>[\/vc_column_text][vc_column_text css=&#8221;.vc_custom_1591625214200{padding-top: 0px !important;}&#8221;]<\/p>\n<p class=\"p1\"><span class=\"s1\">Face \u00e0 un adversaire sans visage et en constante \u00e9volution, comment les politiques publiques doivent-elles r\u00e9agir ? Le rythme auquel la pand\u00e9mie du COVID-19 se d\u00e9veloppe laisse les d\u00e9cideurs politiques en proie aux doutes sur cette question. Il existe plus qu&#8217;un simple lien mortif\u00e8re entre le virus et la pollution, tout aussi omnipr\u00e9sente, qui s\u00e9vit dans nos villes et villages et d\u00e9vaste nos habitats naturels, sur terre comme en mer. Au-del\u00e0 des innombrables d\u00e9c\u00e8s caus\u00e9s par les deux, des le\u00e7ons claires peuvent \u00eatre tir\u00e9es de cette crise et servir de guide, aujourd&#8217;hui et pour l&#8217;avenir. <\/span><\/p>\n<p class=\"p1\"><span class=\"s1\">Les pand\u00e9mies mondiales, le changement climatique et la pollution peuvent se d\u00e9placer selon des sch\u00e9mas \u00e9tablis, mais ils ne peuvent pas \u00eatre contenus par des fronti\u00e8res nationales. Dans ce contexte, une r\u00e9ponse internationale commune doit \u00eatre propos\u00e9e et inclure tous les acteurs en jeu. Toute nation laiss\u00e9e pour compte devient un potentiel maillon faible pour le bien commun. C&#8217;est pourquoi nous saluons le &#8220;Green Deal&#8221; de l&#8217;Union europ\u00e9enne, pour sa port\u00e9e et son ambition. La zone euro-m\u00e9diterran\u00e9enne au sens large, avec ses propres d\u00e9fis en mati\u00e8re de sant\u00e9 et d&#8217;environnement, doit suivre un mod\u00e8le tout aussi complet, sans jamais oublier l&#8217;asym\u00e9trie qui existe dans la r\u00e9partition de ses ressources et capacit\u00e9s et qui n\u00e9cessitera diff\u00e9rents types d&#8217;engagement de la part de tous les acteurs concern\u00e9s.<\/span><\/p>\n<p class=\"p1\"><span class=\"s1\">\u00c0 l\u2019image des professionnels de la sant\u00e9 qui m\u00e8nent la lutte contre le COVID-19 et les experts en \u00e9pid\u00e9miologie qui influencent les prises de d\u00e9cision, cette pand\u00e9mie doit repr\u00e9senter une nouvelle norme. Les scientifiques et les recherches qu&#8217;ils m\u00e8nent doivent se trouver au c\u0153ur de l&#8217;\u00e9laboration des politiques publiques.<\/span><\/p>\n<p class=\"p1\"><span class=\"s1\">Ces derniers ont d\u00e9j\u00e0 d\u00e9montr\u00e9 le lien mortel existant entre pollution et COVID-19 et qui doit \u00eatre pris en compte lorsque nous planifions notre r\u00e9ponse. L&#8217;exposition \u00e0 long terme aux particules nocives caus\u00e9es par la pollution, \u00e0 savoir les PM10 et les PM2,5, entra\u00eene des cons\u00e9quences n\u00e9fastes sur les citoyens souffrant de maladies respiratoires courantes. Il a \u00e9t\u00e9 prouv\u00e9 que le COVID-19 d\u00e9clenche sp\u00e9cifiquement des maladies respiratoires, ce qui place ces patients dans l&#8217;un des groupes les plus \u00e0 risque. Des premi\u00e8res preuves bas\u00e9es sur 3 000 cas enregistr\u00e9s dans toute l&#8217;Italie ont permis d&#8217;\u00e9tablir une corr\u00e9lation significative entre l&#8217;exposition \u00e0 long terme aux particules et la propagation des contagions et des d\u00e9c\u00e8s dus au COVID-19. Des preuves similaires ont \u00e9t\u00e9 mises en avant par une \u00e9tude de Harvard.<\/span><\/p>\n<p class=\"p1\"><span class=\"s1\">La M\u00e9diterran\u00e9e ne fait pas exception et la n\u00e9cessit\u00e9 d&#8217;une approche r\u00e9gionale est essentielle si nous souhaitons combiner deux des le\u00e7ons \u00e9mergeant de la crise actuelle : l&#8217;importance d&#8217;\u00eatre uni et le recours \u00e0 des solutions scientifiquement fond\u00e9es. Heureusement, des progr\u00e8s sont d\u00e9j\u00e0 en cours dans ce domaine. En effet, l&#8217;Union pour la M\u00e9diterran\u00e9e (UpM) offre l&#8217;espace et le forum n\u00e9cessaires pour convenir des priorit\u00e9s environnementales r\u00e9gionales les plus urgentes, puis pour agir en cons\u00e9quence, avec des strat\u00e9gies \u00e0 long terme.<\/span><\/p>\n<p class=\"p1\"><span class=\"s1\">Se r\u00e9chauffant 20 % plus vite que la moyenne mondiale, selon <a href=\"https:\/\/ufmsecretariat.org\/\/climate-change-report\/\"><span class=\"s2\">le tout premier rapport scientifique sur l&#8217;impact du changement climatique dans la r\u00e9gion<\/span><\/a>, \u00e9labor\u00e9 par <a href=\"https:\/\/www.medecc.org\/\"><span class=\"s2\">MedECC<\/span><\/a> avec le soutien de l&#8217;UpM, la r\u00e9gion euro-m\u00e9diterran\u00e9enne est malheureusement \u00e9galement devenue l&#8217;un des \u00e9picentres de l&#8217;\u00e9pid\u00e9mie de COVID-19. Environ 94 % des \u00e9missions de particules primaires et secondaires proviennent de l&#8217;activit\u00e9 humaine et en particulier de nos choix en mati\u00e8re de chauffage, de transport, de sources d&#8217;\u00e9nergie, d&#8217;industrie lourde et de production agricole. Si nous voulons cr\u00e9er des soci\u00e9t\u00e9s r\u00e9silientes apr\u00e8s la pand\u00e9mie, nous devons obtenir un soutien financier important pour les investissements verts, dans la d\u00e9mat\u00e9rialisation, num\u00e9risation et l\u2019efficacit\u00e9 \u00e9nerg\u00e9tique, en commen\u00e7ant par les zones les plus gravement touch\u00e9es et les plus pollu\u00e9es, qui abritent de mani\u00e8re disproportionn\u00e9e les communaut\u00e9s les moins riches. <\/span><\/p>\n<p class=\"p1\"><span class=\"s1\">On estime que la pollution de l&#8217;air est \u00e0 l&#8217;origine d&#8217;environ 7,2 millions de d\u00e9c\u00e8s par an, dont 1,6 million dus \u00e0 la pneumonie. Mais ces chiffres refl\u00e8tent \u00e9galement un lien cruel entre la d\u00e9gradation de l&#8217;environnement et les in\u00e9galit\u00e9s sociales : environ 90 % des d\u00e9c\u00e8s li\u00e9s \u00e0 la pollution se produisent dans des r\u00e9gions \u00e0 revenus faibles ou moyens. Tout comme le COVID-19 nous a rappel\u00e9 que notre r\u00e9gion ne sera aussi forte que nos citoyens les plus vuln\u00e9rables,<span class=\"Apple-converted-space\">\u00a0 <\/span>nos r\u00e9solutions \u00e0 lutter contre la pollution doivent suivre la m\u00eame tendance.<\/span><\/p>\n<p class=\"p1\"><span class=\"s1\">R\u00e9f\u00e9rences<\/span><\/p>\n<p class=\"p1\"><span class=\"s1\">Becchetti, Leonardo and Conzo, Gianluigi and Conzo, Pierluigi and Salustri, Francesco, Understanding the Heterogeneity of Adverse COVID-19 Outcomes: the Role of Poor Quality of Air and Lockdown Decisions (April 10, 2020). Available at SSRN: <a href=\"https:\/\/ssrn.com\/abstract=3572548\"><span class=\"s2\">https:\/\/ssrn.com\/abstract=3572548<\/span><\/a> or <a href=\"http:\/\/dx.doi.org\/10.2139\/ssrn.3572548\"><span class=\"s2\">http:\/\/dx.doi.org\/10.2139\/ssrn.3572548<\/span><\/a> <\/span><\/p>\n<p class=\"p1\"><span class=\"s1\">Pope, C. A., Dockery, D. W., &amp; Schwartz, J. (1995). Review of epidemiological evidence of health effects of particulate air pollution. Inhalation toxicology, 7(1), 1-18.<\/span><\/p>\n<p class=\"p1\"><span class=\"s1\">Xiao W.M. et al. (2020) Exposure to air pollution and COVID-19 mortality in the United States, memo<\/span><\/p>\n<p>[\/vc_column_text][\/vc_column][vc_column width=&#8221;1\/4&#8243;][vc_single_image image=&#8221;97960&#8243; img_size=&#8221;full&#8221;][vc_column_text css=&#8221;.vc_custom_1591625267628{border-bottom-width: 1px !important;padding-bottom: 10px !important;border-bottom-color: #d6d6d6 !important;border-bottom-style: solid !important;border-radius: 1px !important;}&#8221;]<\/p>\n<p class=\"p1\"><strong><span class=\"s1\">Grammenos Mastrojeni<br \/>\n<\/span><\/strong><span class=\"s1\"><i>Secr\u00e9taire G\u00e9n\u00e9ral Adjoint de l&#8217;Union pour la M\u00e9diterran\u00e9e<\/i><\/span><\/p>\n<p class=\"p1\"><strong><span class=\"s1\">Leonardo Becchetti<br \/>\n<\/span><\/strong><span class=\"s1\"><i>Professeur d\u2019\u00e9conomie<\/i><\/span><\/p>\n<p>[\/vc_column_text][\/vc_column][\/vc_row]<\/p>\n<\/section>","protected":false},"excerpt":{"rendered":"<p>[vc_row][vc_column width=&#8221;3\/4&#8243;][vc_custom_heading text=&#8221;Le lien mortif\u00e8re entre pollution et COVID19 : un tournant pour la r\u00e9gion m\u00e9diterran\u00e9enne&#8221; font_container=&#8221;tag:h1|font_size:44|text_align:left|color:%23444444|line_height:1&#8243; google_fonts=&#8221;font_family:Montserrat%3Aregular%2C700|font_style:400%20regular%3A400%3Anormal&#8221;][vc_column_text css=&#8221;.vc_custom_1591625188764{margin-left: 00px !important;border-top-width: 1px !important;border-right-width: 1px !important;border-bottom-width: 1px !important;border-left-width: 1px !important;padding-top: 5px !important;padding-right: 10px !important;padding-bottom: 5px !important;padding-left: 10px !important;background-color: #eaeaea !important;border-left-color: #d1cccc !important;border-left-style: solid !important;border-right-color: #d1cccc !important;border-right-style: solid !important;border-top-color: #d1cccc !important;border-top-style: solid !important;border-bottom-color: #d1cccc !important;border-bottom-style: solid !important;}&#8221;]<br \/><a href=\"https:\/\/ufmsecretariat.org\/fr\/pollution-covid19\/\" class=\"more\">Lire la suite<\/a><\/p>\n","protected":false},"author":38,"featured_media":0,"comment_status":"open","ping_status":"open","sticky":false,"template":"","format":"standard","meta":{"footnotes":""},"categories":[39],"tags":[],"priority-area":[],"class_list":["post-97972","post","type-post","status-publish","format-standard","hentry","category-non-classifiee"],"_links":{"self":[{"href":"https:\/\/ufmsecretariat.org\/fr\/wp-json\/wp\/v2\/posts\/97972","targetHints":{"allow":["GET"]}}],"collection":[{"href":"https:\/\/ufmsecretariat.org\/fr\/wp-json\/wp\/v2\/posts"}],"about":[{"href":"https:\/\/ufmsecretariat.org\/fr\/wp-json\/wp\/v2\/types\/post"}],"author":[{"embeddable":true,"href":"https:\/\/ufmsecretariat.org\/fr\/wp-json\/wp\/v2\/users\/38"}],"replies":[{"embeddable":true,"href":"https:\/\/ufmsecretariat.org\/fr\/wp-json\/wp\/v2\/comments?post=97972"}],"version-history":[{"count":3,"href":"https:\/\/ufmsecretariat.org\/fr\/wp-json\/wp\/v2\/posts\/97972\/revisions"}],"predecessor-version":[{"id":97980,"href":"https:\/\/ufmsecretariat.org\/fr\/wp-json\/wp\/v2\/posts\/97972\/revisions\/97980"}],"wp:attachment":[{"href":"https:\/\/ufmsecretariat.org\/fr\/wp-json\/wp\/v2\/media?parent=97972"}],"wp:term":[{"taxonomy":"category","embeddable":true,"href":"https:\/\/ufmsecretariat.org\/fr\/wp-json\/wp\/v2\/categories?post=97972"},{"taxonomy":"post_tag","embeddable":true,"href":"https:\/\/ufmsecretariat.org\/fr\/wp-json\/wp\/v2\/tags?post=97972"},{"taxonomy":"priority-area","embeddable":true,"href":"https:\/\/ufmsecretariat.org\/fr\/wp-json\/wp\/v2\/priority-area?post=97972"}],"curies":[{"name":"wp","href":"https:\/\/api.w.org\/{rel}","templated":true}]}}